{"id":118004,"date":"2018-11-12T18:36:31","date_gmt":"2018-11-13T00:36:31","guid":{"rendered":"https:\/\/boulder.earth\/?p=118004"},"modified":"2019-01-25T15:25:17","modified_gmt":"2019-01-25T21:25:17","slug":"boulder-earths-first-trip-around-the-sun","status":"publish","type":"post","link":"https:\/\/boulder.earth\/es\/boulder-earths-first-trip-around-the-sun\/","title":{"rendered":"Boulder.Earth: un reflejo"},"content":{"rendered":"<h3><img loading=\"lazy\" decoding=\"async\" class=\"alignnone size-full wp-image-118215\" src=\"https:\/\/boulder.earth\/wp-content\/uploads\/2018\/11\/Boulder.Earth-share-1030x663-e1542069354197.jpg\" alt=\"\" width=\"600\" height=\"386\" \/><\/h3>\n<h3>Mientras celebramos nuestro primer viaje alrededor del sol como Boulder.Earth (<a href=\"https:\/\/www.facebook.com\/pg\/boulder.earth\/photos\/?tab=album&amp;album_id=1185225224942795\">\u00bfRecuerdas nuestra fiesta de lanzamiento?<\/a>) estamos llamados a reflexionar no solo sobre lo que hemos logrado este a\u00f1o, sino tambi\u00e9n sobre c\u00f3mo diablos llegamos aqu\u00ed y hacia d\u00f3nde nos dirigimos a continuaci\u00f3n.<\/h3>\n<p>Aunque Boulder.Earth solo existe desde hace un a\u00f1o, la idea de fomentar la conexi\u00f3n y la colaboraci\u00f3n en torno a la acci\u00f3n clim\u00e1tica en Boulder, Colorado, ha estado circulando en nuestra comunidad desde hace un tiempo. Hace tres a\u00f1os, esta visi\u00f3n se materializ\u00f3 en un evento del Festival Internacional de Cine de Boulder que se centr\u00f3 en la colaboraci\u00f3n y el compromiso de la comunidad en torno a la acci\u00f3n clim\u00e1tica. Aqu\u00ed est\u00e1 la agenda y el resumen del tema de la primera reuni\u00f3n:<\/p>\n<p>&nbsp;<\/p>\n<p>&#8212;<br \/>\n<em>Abordar el cambio clim\u00e1tico en Boulder <\/em><br \/>\n<em>Compromiso clim\u00e1tico colaborativo de toda la comunidad + Acci\u00f3n<\/em><\/p>\n<p><em>Conectores, comunicadores (contadores de historias) e integradores (constructores de puentes)<\/em><\/p>\n<p><em>Agenda 16 de abril<\/em><br \/>\n<em>2:30 \u2013 4:30 pm Co-creando Colaboraci\u00f3n<\/em><br \/>\n<em>4:30 \u2013 6 pm Hora Social + Team Building<\/em><\/p>\n<p>&nbsp;<\/p>\n<p><em>Queridos todos,<\/em><\/p>\n<p><em>Nos reuniremos en la sala de juntas del Impact Hub el 16 de abril para discutir la creaci\u00f3n de una acci\u00f3n clim\u00e1tica colaborativa en la comunidad de Boulder. Esta reuni\u00f3n es el resultado del entusiasmo expresado en el BIFF Global Town Hall y la presentaci\u00f3n de la noche de clausura de &quot;Racing Extinction&quot; en la que el anhelo de participar en acciones significativas para abordar el cambio clim\u00e1tico fue tan palpablemente evidente.<\/em><\/p>\n<p><em>Creemos que unirnos ahora es extremadamente oportuno ya que una serie de iniciativas y esfuerzos locales que se desarrollar\u00e1n en los pr\u00f3ximos meses podr\u00edan llevar la participaci\u00f3n de la comunidad y la propiedad de este problema a un nuevo nivel.<\/em><\/p>\n<p><em>El prop\u00f3sito de la reuni\u00f3n es explorar la creaci\u00f3n de un &quot;lugar&quot; donde la colaboraci\u00f3n est\u00e9 al frente y al centro en la movilizaci\u00f3n de la acci\u00f3n clim\u00e1tica. \u00bfC\u00f3mo podemos unir los esfuerzos existentes en la creaci\u00f3n colectiva rica en narrativa para encender un movimiento valiente, alegre e impactante en toda la comunidad? Este NO ES un esfuerzo para reemplazar lo que est\u00e1 sucediendo actualmente y ES un viaje exploratorio para identificar c\u00f3mo involucrar y motivar una participaci\u00f3n comunitaria m\u00e1s amplia y enfocada.<\/em><\/p>\n<p><em>El primer paso en este proceso es escuchar a algunos de los conectores, comunicadores e integradores m\u00e1s comprometidos de nuestra comunidad, USTED.<\/em><\/p>\n<p><em>Aqu\u00ed est\u00e1 la agenda que humildemente presentamos para la reuni\u00f3n. Con el esp\u00edritu de colaboraci\u00f3n, no dude en compartir sus comentarios antes de la reuni\u00f3n.<\/em><\/p>\n<p><em>1. Breve introducci\u00f3n<\/em><br \/>\n<em>2. Mapeo actual de \u201cactivos\u201d de acci\u00f3n clim\u00e1tica de la comunidad (organizaciones y relaciones, estrategias, recursos de informaci\u00f3n)<\/em><br \/>\n<em>3. Discusi\u00f3n de supuestos y mapa. <\/em><br \/>\n<em>4. Agrupar o no agrupar: \u00bfqui\u00e9n, qu\u00e9, c\u00f3mo y d\u00f3nde, cu\u00e1ndo y cu\u00e1nto tiempo?<\/em><br \/>\n<em>5. Pr\u00f3ximos pasos<\/em><\/p>\n<p><em>Suposiciones:<\/em><\/p>\n<p><em>R. Colaborar y cocrear con otros servir\u00e1 mejor al futuro clim\u00e1tico por el que estoy trabajando en la comunidad de Boulder. <\/em><br \/>\n<em>B. La comunidad de Boulder es rica en grupos e institutos que trabajan para abordar el cambio clim\u00e1tico. <\/em><br \/>\n<em>C. Ha llegado el momento de construir un movimiento colaborativo entre sectores.<\/em><\/p>\n<p><em>Esperamos so\u00f1ar e intrigar contigo el jueves.<\/em><\/p>\n<p><em>En agradecida colaboraci\u00f3n,<\/em><br \/>\n<em>Joellen Raderstorf y Brett KenCairn<\/em><br \/>\n&#8212;<\/p>\n<p>&nbsp;<\/p>\n<p>Esa reuni\u00f3n fue la primera de muchas que reuni\u00f3 a personas de toda la ciudad y el condado: vide\u00f3grafos y activistas, profesores de CU, cient\u00edficos del clima, ingenieros, gente del gobierno de la ciudad y del condado, visionarios, l\u00edderes religiosos, y m\u00e1s. Por nombrar algunos: David Adamson, Margo Josephs y Sierra Voss, Morey Bean y Bob Morehouse, Beth Osness, Greg Guibert, Katy Human y Katya Hafich, Micah Parkin y Michelle Gabrieloff-Parish, Waleed Abdalati y Wynn Martens, Jonathan Koehn, Tatiana Maxwell, Lea Yancy y muchos, muchos otros, algunos de los cuales han pasado a formar nuestro <a href=\"https:\/\/boulder.earth\/es\/about\/\">Consejo de mayordom\u00eda<\/a>!<\/p>\n<p>Eventualmente, el grupo lleg\u00f3 a ser conocido como Climate Culture Collaborative (C3 Boulder para abreviar), y con la generosa financiaci\u00f3n y el liderazgo comprometido de Joellen Raderstorf, fui contratado como nuestro primer miembro del personal. <strong>\u00a1Est\u00e1bamos haciendo la maldita cosa!<\/strong><\/p>\n<div id=\"attachment_118006\" style=\"width: 610px\" class=\"wp-caption alignnone\"><img loading=\"lazy\" decoding=\"async\" aria-describedby=\"caption-attachment-118006\" class=\"size-full wp-image-118006\" src=\"https:\/\/boulder.earth\/wp-content\/uploads\/2018\/11\/12240884_727743554024300_5162128518592930382_o.jpg\" alt=\"\" width=\"600\" height=\"450\" srcset=\"https:\/\/boulder.earth\/wp-content\/uploads\/2018\/11\/12240884_727743554024300_5162128518592930382_o.jpg 600w, https:\/\/boulder.earth\/wp-content\/uploads\/2018\/11\/12240884_727743554024300_5162128518592930382_o-300x225.jpg 300w, https:\/\/boulder.earth\/wp-content\/uploads\/2018\/11\/12240884_727743554024300_5162128518592930382_o-450x338.jpg 450w\" sizes=\"auto, (max-width: 600px) 100vw, 600px\" \/><p id=\"caption-attachment-118006\" class=\"wp-caption-text\"><em>Reuni\u00f3n de Boulder C3: \u00a1mira todas esas caras sonrientes!<\/em><\/p><\/div>\n<p>est\u00e1bamos usando <a href=\"https:\/\/www.presencing.org\/#\/programs\/course\/landing-page\/ulab_1x\/at_a_glance\">Teor\u00eda U<\/a> y <a href=\"https:\/\/permacultureprinciples.com\/principles\/\">principios de dise\u00f1o de permacultura<\/a> para ayudar a guiar nuestro trabajo, que podr\u00eda resumirse en cuatro partes:<\/p>\n<ol>\n<li>Empieza peque\u00f1o,<\/li>\n<li>Obtener un rendimiento,<\/li>\n<li>\u00a1Celebrar!<\/li>\n<li>Volver al trabajo.<\/li>\n<\/ol>\n<p>Gracias a Katya Hafich, invertimos recursos de desarrollo de capacidades comunitarias como <a href=\"https:\/\/ssir.org\/articles\/entry\/collective_impact\">Art\u00edculos de impacto colectivo de SSIR<\/a> y <a href=\"http:\/\/www.asmallgroup.net\/pages\/images\/pages\/CES_jan2007.pdf\">Folleto Compromiso c\u00edvico y restauraci\u00f3n de la comunidad de Peter Block<\/a>. Con la incorporaci\u00f3n de Leila Bruno al consejo de mayordom\u00eda, preguntando: \u201c<em>\u00bfQu\u00e9 har\u00eda la naturaleza?<\/em>\u201d se convirti\u00f3 en un registro constante. Est\u00e1bamos aprendiendo a medida que avanz\u00e1bamos, lo que significaba equilibrar los dos paradigmas principales que enfrentamos: <strong>1) se necesita tiempo para construir la confianza de la comunidad<\/strong>, <strong>2) el cambio clim\u00e1tico requiere que actuemos con urgencia.<\/strong> Adoptamos el lema empresarial: \u00a1fracasar r\u00e1pido, fracasar a menudo! Exploramos <a href=\"https:\/\/www.holacracy.org\/\">holocracia<\/a>\u00a0y desarroll\u00f3 grupos de trabajo.<\/p>\n<div id=\"attachment_118195\" style=\"width: 610px\" class=\"wp-caption alignnone\"><img loading=\"lazy\" decoding=\"async\" aria-describedby=\"caption-attachment-118195\" class=\"wp-image-118195\" src=\"https:\/\/boulder.earth\/wp-content\/uploads\/2018\/11\/12711063_770405239758131_1062521202046052372_o.jpg\" alt=\"\" width=\"600\" height=\"389\" srcset=\"https:\/\/boulder.earth\/wp-content\/uploads\/2018\/11\/12711063_770405239758131_1062521202046052372_o.jpg 1024w, https:\/\/boulder.earth\/wp-content\/uploads\/2018\/11\/12711063_770405239758131_1062521202046052372_o-300x195.jpg 300w, https:\/\/boulder.earth\/wp-content\/uploads\/2018\/11\/12711063_770405239758131_1062521202046052372_o-768x498.jpg 768w, https:\/\/boulder.earth\/wp-content\/uploads\/2018\/11\/12711063_770405239758131_1062521202046052372_o-705x457.jpg 705w, https:\/\/boulder.earth\/wp-content\/uploads\/2018\/11\/12711063_770405239758131_1062521202046052372_o-450x292.jpg 450w\" sizes=\"auto, (max-width: 600px) 100vw, 600px\" \/><p id=\"caption-attachment-118195\" class=\"wp-caption-text\">\u00a1Evento de enjambre! <em>foto: Ning Mosberger-Tang<\/em><\/p><\/div>\n<p>Lo est\u00e1bamos inventando a medida que avanz\u00e1bamos, \u00bfqui\u00e9n podr\u00eda haber imaginado que C3 Boulder se convertir\u00eda en una organizaci\u00f3n que no solo podr\u00eda llegar a decenas de miles de habitantes de Boulder a lo largo de los a\u00f1os con esfuerzos como la Serie de eventos COP21, la Semana de la Tierra de Boulder (que se convirti\u00f3 en \u00a1Mes de la Tierra de Boulder!), el concurso Climate CoLab, el desaf\u00edo clim\u00e1tico juvenil BoCo, las micro subvenciones #TogetherWeWill y las innumerables comidas compartidas y noches comunitarias que reunieron a personas de todos los sectores de nuestra comunidad.<\/p>\n<p>\u00a1Hemos tenido MUCHO que celebrar a lo largo de los a\u00f1os! Por nombrar algunas cosas:<\/p>\n<ol>\n<li>Demostrando que la magia ocurre cuando diferentes sectores se unen. En una de nuestras reuniones, Michelle Gabrieloff-Parish y Brett KenCairn se dieron cuenta de que el plan clim\u00e1tico de la ciudad ten\u00eda fallas fatales: no ten\u00eda nada sobre justicia social y equidad. Ahora, la Ciudad de Boulder es la primera en crear un documento de Compromiso Clim\u00e1tico que incluye componentes de justicia y equidad.\u00a0<em>a lo largo de.<\/em><\/li>\n<li>Tuvimos m\u00e1s presentaciones que Nike (que no tuvo una sino\u00a0<em>dos\u00a0<\/em>\u00a1fiestas de lanzamiento en Nueva York y Londres!) a nuestro concurso Climate CoLab!<\/li>\n<li>La visi\u00f3n de un carril para bicicletas en la Escuela Secundaria Monarch se hizo realidad cuando un grupo de ni\u00f1as de secundaria que particip\u00f3 en el BoCo Youth Climate Challenge se uni\u00f3 a un mentor en el departamento de transporte.<\/li>\n<\/ol>\n<p><strong>Estaba quedando claro que si quer\u00edamos que la gente dejara de recrear la rueda, para que en realidad <em>colaborar<\/em>\u2014necesit\u00e1bamos proporcionar las condiciones adecuadas.<\/strong><\/p>\n<p>Cuando se les pregunt\u00f3, la comunidad comparti\u00f3 que quer\u00edan orientaci\u00f3n en tres \u00e1reas: 1) \u00bfQu\u00e9 acciones puedo tomar? 2) \u00bfQu\u00e9 eventos est\u00e1n sucediendo? 3) \u00bfQu\u00e9 organizaciones existen? Y as\u00ed naci\u00f3 Boulder.Earth como la conocen. \u00a1Ingrese Damjan Bogdanovic y Mark Steele como desarrolladores web extraordinarios! Nuestra visi\u00f3n a largo plazo de crear una p\u00e1gina de destino para fomentar la conectividad estaba dando sus frutos.<\/p>\n<p><img loading=\"lazy\" decoding=\"async\" class=\"alignnone size-full wp-image-118213\" src=\"https:\/\/boulder.earth\/wp-content\/uploads\/2018\/11\/24302420_1185225518276099_3854409184008299520_o-3.jpg\" alt=\"\" width=\"600\" height=\"400\" srcset=\"https:\/\/boulder.earth\/wp-content\/uploads\/2018\/11\/24302420_1185225518276099_3854409184008299520_o-3.jpg 600w, https:\/\/boulder.earth\/wp-content\/uploads\/2018\/11\/24302420_1185225518276099_3854409184008299520_o-3-300x200.jpg 300w, https:\/\/boulder.earth\/wp-content\/uploads\/2018\/11\/24302420_1185225518276099_3854409184008299520_o-3-450x300.jpg 450w\" sizes=\"auto, (max-width: 600px) 100vw, 600px\" \/><\/p>\n<p>Participamos en el Desaf\u00edo de energ\u00eda de Boulder de la ciudad, y no solo recibimos nuestra financiaci\u00f3n inicial, \u00a1sino que incluso ganamos la noche de lanzamiento de la comunidad por un bono de $1k! Tuvimos nuestra fiesta de lanzamiento en noviembre y ahora, un a\u00f1o despu\u00e9s, aqu\u00ed estamos.<em> \u00a1Est\u00e9n atentos a nuestra pr\u00f3xima publicaci\u00f3n de blog sobre lo que viene a continuaci\u00f3n!<\/em><\/p>\n<p>&nbsp;<\/p>\n<p>&nbsp;<\/p>","protected":false},"excerpt":{"rendered":"<p>As we celebrate our first trip around the sun as Boulder.Earth (remember our launch party?) we are called to reflect on not only what we\u2019ve accomplished this year, but how [&hellip;]<\/p>\n","protected":false},"author":17,"featured_media":118215,"comment_status":"open","ping_status":"open","sticky":false,"template":"","format":"standard","meta":{"footnotes":""},"categories":[322],"tags":[],"class_list":["post-118004","post","type-post","status-publish","format-standard","has-post-thumbnail","hentry","category-blog"],"_links":{"self":[{"href":"https:\/\/boulder.earth\/es\/wp-json\/wp\/v2\/posts\/118004","targetHints":{"allow":["GET"]}}],"collection":[{"href":"https:\/\/boulder.earth\/es\/wp-json\/wp\/v2\/posts"}],"about":[{"href":"https:\/\/boulder.earth\/es\/wp-json\/wp\/v2\/types\/post"}],"author":[{"embeddable":true,"href":"https:\/\/boulder.earth\/es\/wp-json\/wp\/v2\/users\/17"}],"replies":[{"embeddable":true,"href":"https:\/\/boulder.earth\/es\/wp-json\/wp\/v2\/comments?post=118004"}],"version-history":[{"count":4,"href":"https:\/\/boulder.earth\/es\/wp-json\/wp\/v2\/posts\/118004\/revisions"}],"predecessor-version":[{"id":122560,"href":"https:\/\/boulder.earth\/es\/wp-json\/wp\/v2\/posts\/118004\/revisions\/122560"}],"wp:featuredmedia":[{"embeddable":true,"href":"https:\/\/boulder.earth\/es\/wp-json\/wp\/v2\/media\/118215"}],"wp:attachment":[{"href":"https:\/\/boulder.earth\/es\/wp-json\/wp\/v2\/media?parent=118004"}],"wp:term":[{"taxonomy":"category","embeddable":true,"href":"https:\/\/boulder.earth\/es\/wp-json\/wp\/v2\/categories?post=118004"},{"taxonomy":"post_tag","embeddable":true,"href":"https:\/\/boulder.earth\/es\/wp-json\/wp\/v2\/tags?post=118004"}],"curies":[{"name":"wp","href":"https:\/\/api.w.org\/{rel}","templated":true}]}}