{"id":188109,"date":"2020-02-20T14:27:40","date_gmt":"2020-02-20T20:27:40","guid":{"rendered":"https:\/\/boulder.earth\/?p=188109"},"modified":"2020-06-15T07:51:28","modified_gmt":"2020-06-15T13:51:28","slug":"youth-climate-mobilization-summit","status":"publish","type":"post","link":"https:\/\/boulder.earth\/es\/youth-climate-mobilization-summit\/","title":{"rendered":"Cumbre de movilizaci\u00f3n clim\u00e1tica juvenil"},"content":{"rendered":"<section  class='av_textblock_section av-k6v6uruf-45a7b8cc768d30126b3683ab82732cc0'   itemscope=\"itemscope\" itemtype=\"https:\/\/schema.org\/BlogPosting\" itemprop=\"blogPost\" ><div class='avia_textblock'  itemprop=\"text\" ><h1>Cumbre de movilizaci\u00f3n clim\u00e1tica juvenil<\/h1>\n<p>Reconociendo la importancia de las soluciones clim\u00e1ticas centradas en los j\u00f3venes, la Junta Asesora de Oportunidades Juveniles (YOAB) de la ciudad de Boulder organiz\u00f3 una Cumbre de Movilizaci\u00f3n Clim\u00e1tica para j\u00f3venes el 1 de febrero de 2020.<\/p>\n<p>\u201cLa acci\u00f3n clim\u00e1tica exige el liderazgo de todos nosotros. Los formuladores de pol\u00edticas actuales no son los que enfrentar\u00e1n los mayores impactos. Lo somos\u201d, dijo Barclay Shove, de 18 a\u00f1os, estudiante de \u00faltimo a\u00f1o en Fairview High School y coorganizador de la cumbre. \u201cEs por eso que creemos que es importante involucrar a los j\u00f3venes en la conversaci\u00f3n sobre soluciones impactantes. Los adolescentes tienen grandes ideas. Queremos escucharlos.&quot;<\/p>\n<p>Mire el video a continuaci\u00f3n para ver un resumen del evento.<\/p>\n<\/div><\/section>\n<div  class='avia-video av-k6v6v2h1-b15d1fc7aad3edca0f59aa7477e62ae1 avia-video-16-9 av-no-preview-image avia-video-load-always av-lazyload-immediate av-lazyload-video-embed'  itemprop=\"video\" itemtype=\"https:\/\/schema.org\/VideoObject\"  data-original_url='https:\/\/vimeo.com\/389645295'><script type='text\/html' class='av-video-tmpl'><div class='avia-iframe-wrap'><iframe loading=\"lazy\" src=\"https:\/\/player.vimeo.com\/video\/389645295?dnt=1&amp;app_id=122963&autoplay=0&loop=0&controls=1&muted=0\" width=\"1500\" height=\"844\" frameborder=\"0\" allow=\"autoplay; fullscreen\" allowfullscreen title=\"Youth Climate Summit - Boulder\"><\/iframe><\/div><\/script><div class='av-click-to-play-overlay'><div class=\"avia_playpause_icon\"><\/div><\/div><\/div>\n<div  class='av-social-sharing-box av-1fu0j0t-f6c1872d6319ff8bbe756e4a87a1f054 av-social-sharing-box-default  avia-builder-el-2  el_after_av_video  el_before_av_hr  av-social-sharing-box-fullwidth'><div class=\"av-share-box\"><h5 class='av-share-link-description av-no-toc'>Comparte esta entrada<\/h5><ul class=\"av-share-box-list noLightbox\"><li class='av-share-link av-social-link-facebook avia_social_iconfont' ><a target=\"_blank\" aria-label=\"Compartir en Facebook\" href='https:\/\/www.facebook.com\/sharer.php?u=https:\/\/boulder.earth\/es\/youth-climate-mobilization-summit\/&#038;t=Youth%20Climate%20Mobilization%20Summit' data-av_icon='\ue8f3' data-av_iconfont='entypo-fontello'  title='' data-avia-related-tooltip='Share on Facebook'><span class='avia_hidden_link_text'>Compartir en Facebook<\/span><\/a><\/li><li class='av-share-link av-social-link-twitter avia_social_iconfont' ><a target=\"_blank\" aria-label=\"Compartir en X\" href='https:\/\/twitter.com\/share?text=Youth%20Climate%20Mobilization%20Summit&#038;url=https:\/\/boulder.earth\/es\/?p=188109' data-av_icon='\ue932' data-av_iconfont='entypo-fontello'  title='' data-avia-related-tooltip='Share on X'><span class='avia_hidden_link_text'>Compartir en X<\/span><\/a><\/li><li class='av-share-link av-social-link-whatsapp avia_social_iconfont' ><a target=\"_blank\" aria-label=\"Compartir en WhatsApp\" href='https:\/\/api.whatsapp.com\/send?text=https:\/\/boulder.earth\/es\/youth-climate-mobilization-summit\/' data-av_icon='\uf232' data-av_iconfont='entypo-fontello'  title='' data-avia-related-tooltip='Share on WhatsApp'><span class='avia_hidden_link_text'>Compartir en WhatsApp<\/span><\/a><\/li><li class='av-share-link av-social-link-pinterest avia_social_iconfont' ><a target=\"_blank\" aria-label=\"Compartir en Pinterest\" href='https:\/\/pinterest.com\/pin\/create\/button\/?url=https%3A%2F%2Fboulder.earth%2Fes%2Fyouth-climate-mobilization-summit%2F&#038;description=Youth%20Climate%20Mobilization%20Summit&#038;media=https%3A%2F%2Fboulder.earth%2Fwp-content%2Fuploads%2F2020%2F02%2Fyouth-climate-summit-stage-705x393.jpg' data-av_icon='\ue8f8' data-av_iconfont='entypo-fontello'  title='' data-avia-related-tooltip='Share on Pinterest'><span class='avia_hidden_link_text'>Compartir en Pinterest<\/span><\/a><\/li><li class='av-share-link av-social-link-linkedin avia_social_iconfont' ><a target=\"_blank\" aria-label=\"Compartir en LinkedIn\" href='https:\/\/linkedin.com\/shareArticle?mini=true&#038;title=Youth%20Climate%20Mobilization%20Summit&#038;url=https:\/\/boulder.earth\/es\/youth-climate-mobilization-summit\/' data-av_icon='\ue8fc' data-av_iconfont='entypo-fontello'  title='' data-avia-related-tooltip='Share on LinkedIn'><span class='avia_hidden_link_text'>Compartir en LinkedIn<\/span><\/a><\/li><li class='av-share-link av-social-link-tumblr avia_social_iconfont' ><a target=\"_blank\" aria-label=\"Compartir en Tumblr\" href='https:\/\/www.tumblr.com\/share\/link?url=https%3A%2F%2Fboulder.earth%2Fes%2Fyouth-climate-mobilization-summit%2F&#038;name=Youth%20Climate%20Mobilization%20Summit&#038;description=' data-av_icon='\ue8fa' data-av_iconfont='entypo-fontello'  title='' data-avia-related-tooltip='Share on Tumblr'><span class='avia_hidden_link_text'>Compartir en Tumblr<\/span><\/a><\/li><li class='av-share-link av-social-link-vk avia_social_iconfont' ><a target=\"_blank\" aria-label=\"Compartir en Vk\" href='https:\/\/vk.com\/share.php?url=https:\/\/boulder.earth\/es\/youth-climate-mobilization-summit\/' data-av_icon='\ue926' data-av_iconfont='entypo-fontello'  title='' data-avia-related-tooltip='Share on Vk'><span class='avia_hidden_link_text'>Compartir en Vk<\/span><\/a><\/li><li class='av-share-link av-social-link-reddit avia_social_iconfont' ><a target=\"_blank\" aria-label=\"Compartir en Reddit\" href='https:\/\/reddit.com\/submit?url=https:\/\/boulder.earth\/es\/youth-climate-mobilization-summit\/&#038;title=Youth%20Climate%20Mobilization%20Summit' data-av_icon='\ue927' data-av_iconfont='entypo-fontello'  title='' data-avia-related-tooltip='Share on Reddit'><span class='avia_hidden_link_text'>Compartir en Reddit<\/span><\/a><\/li><li class='av-share-link av-social-link-mail avia_social_iconfont' ><a  aria-label=\"Compartir por correo\" href='mailto:?subject=Youth%20Climate%20Mobilization%20Summit&#038;body=https:\/\/boulder.earth\/es\/youth-climate-mobilization-summit\/' data-av_icon='\ue805' data-av_iconfont='entypo-fontello'  title='' data-avia-related-tooltip='Share by Mail'><span class='avia_hidden_link_text'>Compartir por correo<\/span><\/a><\/li><\/ul><\/div><\/div>\n<div  class='hr av-9zyfiml-58cc3c32c5f5a3e852dd17223a9032f9 hr-default  avia-builder-el-3  el_after_av_social_share  avia-builder-el-last'><span class='hr-inner'><span class=\"hr-inner-style\"><\/span><\/span><\/div>","protected":false},"excerpt":{"rendered":"","protected":false},"author":1,"featured_media":188112,"comment_status":"open","ping_status":"open","sticky":false,"template":"","format":"standard","meta":{"footnotes":""},"categories":[322],"tags":[],"class_list":["post-188109","post","type-post","status-publish","format-standard","has-post-thumbnail","hentry","category-blog"],"_links":{"self":[{"href":"https:\/\/boulder.earth\/es\/wp-json\/wp\/v2\/posts\/188109","targetHints":{"allow":["GET"]}}],"collection":[{"href":"https:\/\/boulder.earth\/es\/wp-json\/wp\/v2\/posts"}],"about":[{"href":"https:\/\/boulder.earth\/es\/wp-json\/wp\/v2\/types\/post"}],"author":[{"embeddable":true,"href":"https:\/\/boulder.earth\/es\/wp-json\/wp\/v2\/users\/1"}],"replies":[{"embeddable":true,"href":"https:\/\/boulder.earth\/es\/wp-json\/wp\/v2\/comments?post=188109"}],"version-history":[{"count":3,"href":"https:\/\/boulder.earth\/es\/wp-json\/wp\/v2\/posts\/188109\/revisions"}],"predecessor-version":[{"id":219791,"href":"https:\/\/boulder.earth\/es\/wp-json\/wp\/v2\/posts\/188109\/revisions\/219791"}],"wp:featuredmedia":[{"embeddable":true,"href":"https:\/\/boulder.earth\/es\/wp-json\/wp\/v2\/media\/188112"}],"wp:attachment":[{"href":"https:\/\/boulder.earth\/es\/wp-json\/wp\/v2\/media?parent=188109"}],"wp:term":[{"taxonomy":"category","embeddable":true,"href":"https:\/\/boulder.earth\/es\/wp-json\/wp\/v2\/categories?post=188109"},{"taxonomy":"post_tag","embeddable":true,"href":"https:\/\/boulder.earth\/es\/wp-json\/wp\/v2\/tags?post=188109"}],"curies":[{"name":"wp","href":"https:\/\/api.w.org\/{rel}","templated":true}]}}