{"id":205809,"date":"2020-04-22T09:50:00","date_gmt":"2020-04-22T15:50:00","guid":{"rendered":"https:\/\/boulder.earth\/?p=205809"},"modified":"2020-04-22T10:01:44","modified_gmt":"2020-04-22T16:01:44","slug":"earth-day-2020","status":"publish","type":"post","link":"https:\/\/boulder.earth\/es\/earth-day-2020\/","title":{"rendered":"D\u00eda de la Tierra 2020"},"content":{"rendered":"<style type=\"text\/css\" data-created_by=\"avia_inline_auto\" id=\"style-css-av-av_one_full-25347b0a799d5b9f7058434b2a9c3182\">\n.flex_column.av-av_one_full-25347b0a799d5b9f7058434b2a9c3182{\nborder-radius:0px 0px 0px 0px;\npadding:0px 0px 0px 0px;\n}\n<\/style>\n<div  class='flex_column av-av_one_full-25347b0a799d5b9f7058434b2a9c3182 av_one_full  avia-builder-el-0  el_before_av_one_half  avia-builder-el-first  first flex_column_div av-zero-column-padding'     ><section  class='av_textblock_section av-k9bi8327-64f7c28bd9e86d51757173344cceaa98'   itemscope=\"itemscope\" itemtype=\"https:\/\/schema.org\/BlogPosting\" itemprop=\"blogPost\" ><div class='avia_textblock'  itemprop=\"text\" ><h1><a href=\"https:\/\/boulder.earth\/wp-content\/uploads\/2020\/04\/earthday-50th-anniversary.jpg\"><img loading=\"lazy\" decoding=\"async\" class=\"aligncenter size-large wp-image-205813\" src=\"https:\/\/boulder.earth\/wp-content\/uploads\/2020\/04\/earthday-50th-anniversary-1030x361.jpg\" alt=\"\" width=\"1030\" height=\"361\" srcset=\"https:\/\/boulder.earth\/wp-content\/uploads\/2020\/04\/earthday-50th-anniversary-1030x361.jpg 1030w, https:\/\/boulder.earth\/wp-content\/uploads\/2020\/04\/earthday-50th-anniversary-300x105.jpg 300w, https:\/\/boulder.earth\/wp-content\/uploads\/2020\/04\/earthday-50th-anniversary-768x269.jpg 768w, https:\/\/boulder.earth\/wp-content\/uploads\/2020\/04\/earthday-50th-anniversary-705x247.jpg 705w, https:\/\/boulder.earth\/wp-content\/uploads\/2020\/04\/earthday-50th-anniversary-450x158.jpg 450w, https:\/\/boulder.earth\/wp-content\/uploads\/2020\/04\/earthday-50th-anniversary.jpg 1100w\" sizes=\"auto, (max-width: 1030px) 100vw, 1030px\" \/><\/a><\/h1>\n<h1>Acontecimientos del D\u00eda de la Tierra 2020<\/h1>\n<p>El mi\u00e9rcoles 22 de abril se cumple medio siglo desde que comenzamos *oficialmente* a celebrar el hermoso planeta que llamamos hogar (las comunidades ind\u00edgenas lo han estado haciendo durante milenios, y mucho m\u00e1s regularmente que un d\u00eda\/a\u00f1o tokenizado, solo digo). Y aunque los eventos en persona se han hecho remotos o cancelados por completo debido a COVID-19, este puede ser el 50 aniversario del D\u00eda de la Tierra que nuestro planeta necesitaba.<\/p>\n<h3><a href=\"https:\/\/boulder.earth\/wp-content\/uploads\/2020\/04\/covidemissionsclimategoals.png\"><img loading=\"lazy\" decoding=\"async\" class=\"alignright size-medium wp-image-205812\" src=\"https:\/\/boulder.earth\/wp-content\/uploads\/2020\/04\/covidemissionsclimategoals-300x220.png\" alt=\"\" width=\"300\" height=\"220\" srcset=\"https:\/\/boulder.earth\/wp-content\/uploads\/2020\/04\/covidemissionsclimategoals-300x220.png 300w, https:\/\/boulder.earth\/wp-content\/uploads\/2020\/04\/covidemissionsclimategoals-705x517.png 705w, https:\/\/boulder.earth\/wp-content\/uploads\/2020\/04\/covidemissionsclimategoals-450x330.png 450w, https:\/\/boulder.earth\/wp-content\/uploads\/2020\/04\/covidemissionsclimategoals.png 750w\" sizes=\"auto, (max-width: 300px) 100vw, 300px\" \/><\/a>\u00a1Hurra!<\/h3>\n<p>Quiz\u00e1s hayas o\u00eddo hablar de los peces, cisnes y delfines <a href=\"https:\/\/www.housebeautiful.com\/lifestyle\/a31705362\/venice-clean-water-coronavirus\/?mc_cid=5fe19a8db9&amp;mc_eid=194b027ce1\" target=\"_blank\" rel=\"noopener noreferrer\">aguas de venecia<\/a>, o <a href=\"https:\/\/www.washingtonpost.com\/world\/asia_pacific\/india-coronavirus-delhi-clean-air-pollution\/2020\/04\/10\/ac23dd1e-783e-11ea-a311-adb1344719a9_story.html?mc_cid=5fe19a8db9&amp;mc_eid=194b027ce1\" target=\"_blank\" rel=\"noopener noreferrer\">Nueva Delhi<\/a> y <a href=\"https:\/\/www.cnn.com\/2020\/04\/07\/us\/los-angeles-pollution-clean-air-coronavirus-trnd\/index.html?mc_cid=5fe19a8db9&amp;mc_eid=194b027ce1\" target=\"_blank\" rel=\"noopener noreferrer\">los Angeles<\/a>&#039; Cielos despejados. Es cierto: al movilizarnos como comunidad global para mantener a raya al coronavirus, hemos causado <a href=\"https:\/\/www.carbonbrief.org\/analysis-coronavirus-set-to-cause-largest-ever-annual-fall-in-co2-emissions?utm_content=buffer41382&amp;utm_medium=social&amp;utm_source=twitter.com&amp;utm_campaign=buffer&amp;mc_cid=5fe19a8db9&amp;mc_eid=194b027ce1\" target=\"_blank\" rel=\"noopener noreferrer\">las emisiones globales de carbono a la baja<\/a> \u00a1un 5.5% proyectado sin precedentes este a\u00f1o!<\/p>\n<h3>Espera, carajo...<\/h3>\n<p>Por supuesto, mirar solo la reducci\u00f3n de las emisiones de carbono significa que nos estamos perdiendo el panorama general: nuestros sistemas econ\u00f3mico, educativo, de salud, gubernamental y legal se est\u00e1n derrumbando a nuestro alrededor, y las brechas de riqueza e igualdad contin\u00faan ampli\u00e1ndose a un ritmo alarmante. De hecho, <strong>Tomemos un momento y reconozcamos a los millones de personas que se han visto afectadas negativamente por esta crisis mundial. Gracias a los trabajadores esenciales que se aseguran de que nuestros sistemas no se desmoronen m\u00e1s, y solidaridad con las personas que luchan por sus vidas.<\/strong> Y s\u00ed, maldita sea, incluso la ca\u00edda de las emisiones de carbono no es tan buena como parece: si nos adhiri\u00e9ramos al Acuerdo Clim\u00e1tico de Par\u00eds de 2015 (que limita el aumento de la temperatura global a 1,5 grados cent\u00edgrados en las pr\u00f3ximas d\u00e9cadas), ser\u00eda requieren una ca\u00edda anual de 7,61 TP2T en las emisiones (*tos tos* nos faltan 2,1 grados).<\/p>\n<h3>Hag\u00e1moslo.<\/h3>\n<p>Lo queramos o no, este es un momento de inmensa transformaci\u00f3n y el riesgo de volver a &quot;negocios como siempre&quot; es uno que no podemos correr. Tomar medidas para garantizar nuestro futuro colectivo es la raz\u00f3n por la que Boulder.Earth est\u00e1 aqu\u00ed, es por lo que el <a href=\"https:\/\/boulder.earth\/es\/directory\/\" target=\"_blank\" rel=\"noopener noreferrer\">cientos de otras organizaciones locales<\/a> est\u00e1n aqu\u00ed. Se han levantado los velos y nos espera un futuro m\u00e1s colaborativo y resistente: atenci\u00f3n m\u00e9dica universal e ingresos b\u00e1sicos, un mundo laboral reinventado integrado con flexibilidad para ser remoto y pasar tiempo m\u00e1s cerca de las personas que m\u00e1s importan, apoyando nuestros sistemas alimentarios locales y mam\u00e1. y tiendas pop, un sentido m\u00e1s profundo de conexi\u00f3n con todos los seres de este planeta...<\/p>\n<p>Hemos visto lo que significa movilizarse a escala mundial para proteger la salud, la riqueza y el bienestar de las generaciones venideras. Usemos la COVID-19 como un trampol\u00edn para la acci\u00f3n, asegurando un planeta m\u00e1s equitativo y habitable para todos.<\/p>\n<h3>Tierra <del>D\u00eda<\/del> Acciones de la semana para el impacto<\/h3>\n<p>\u00a1Quedarnos en casa no impedir\u00e1 que nos conectemos por nuestro futuro colectivo! Consulte estos eventos virtuales en los que puede participar desde la mesa de su cocina.<\/p>\n<\/div><\/section><\/div><\/div><\/div><\/div><!-- close content main div --><\/div><\/div><div id='av-layout-grid-1'  class='av-layout-grid-container av-wnxnz-d4ecdbeb302abc7a975df7a92563dce7 entry-content-wrapper alternate_color av-border-cells av-flex-cells  container_wrap sidebar_right'  >\n\n<style type=\"text\/css\" data-created_by=\"avia_inline_auto\" id=\"style-css-av-ql0nb-9af5d281728d2c2a708dbd99bf6e2fb3\">\n.flex_cell.av-ql0nb-9af5d281728d2c2a708dbd99bf6e2fb3{\nvertical-align:top;\n}\n.responsive #top #wrap_all .flex_cell.av-ql0nb-9af5d281728d2c2a708dbd99bf6e2fb3{\npadding:30px 30px 30px 30px !important;\n}\n<\/style>\n<div class='flex_cell av-ql0nb-9af5d281728d2c2a708dbd99bf6e2fb3 av-gridrow-cell av_one_fourth no_margin content-align-top'  ><div class='flex_cell_inner'><p>\n<style type=\"text\/css\" data-created_by=\"avia_inline_auto\" id=\"style-css-av-tjci3-5db20e2633147a29d530c6b54aac82fc\">\n.avia-image-container.av-tjci3-5db20e2633147a29d530c6b54aac82fc img.avia_image{\nbox-shadow:none;\n}\n.avia-image-container.av-tjci3-5db20e2633147a29d530c6b54aac82fc .av-image-caption-overlay-center{\ncolor:#ffffff;\n}\n<\/style>\n<div  class='avia-image-container av-tjci3-5db20e2633147a29d530c6b54aac82fc av-styling- av-img-linked avia-align-center'   itemprop=\"image\" itemscope=\"itemscope\" itemtype=\"https:\/\/schema.org\/ImageObject\" ><div class=\"avia-image-container-inner\"><div class=\"avia-image-overlay-wrap\"><a href=\"https:\/\/www.facebook.com\/events\/224179388817339\/\" class='avia_image'  target=\"_blank\"  rel=\"noopener noreferrer\" aria-label='voces-juveniles-sobre-la-accion-climatica'><img decoding=\"async\" fetchpriority=\"high\" class='wp-image-204101 avia-img-lazy-loading-not-204101 avia_image' src=\"https:\/\/boulder.earth\/wp-content\/uploads\/2020\/04\/youth-voices-on-climate-action.jpg\" alt='' title='voces-juveniles-sobre-la-accion-climatica'  height=\"164\" width=\"300\"  itemprop=\"thumbnailUrl\"  \/><\/a><\/div><\/div><\/div><br \/>\n<section  class='av_textblock_section av-sn80r-2206e60021629b020ca1a4404ce42c57'   itemscope=\"itemscope\" itemtype=\"https:\/\/schema.org\/BlogPosting\" itemprop=\"blogPost\" ><div class='avia_textblock'  itemprop=\"text\" ><section class=\"av_textblock_section\">\n<div class=\"avia_textblock\">\n<h4 style=\"text-align: center;\"><b><a href=\"https:\/\/www.facebook.com\/events\/224179388817339\/\" target=\"_blank\" rel=\"noopener noreferrer\">Voces de los j\u00f3venes sobre la acci\u00f3n clim\u00e1tica: seminario web en vivo del D\u00eda de la Tierra<\/a><\/b><\/h4>\n<p><strong>22 de abril a las 12:00 p. m. \u00a0 <\/strong>\u00danase a Sustainable Resilient Longmont para un seminario web en vivo sobre el D\u00eda de la Tierra. Este ser\u00e1 un panel de discusi\u00f3n en vivo con estudiantes de secundaria de St. Vrain Valley sobre las oportunidades desafiantes que enfrentamos con el cambio clim\u00e1tico en nuestra comunidad y c\u00f3mo marcar la diferencia. Descubra lo que piensan los j\u00f3venes locales sobre el cambio clim\u00e1tico, los combustibles f\u00f3siles, la acci\u00f3n local y su visi\u00f3n para el futuro.<br \/>\nModerado por Marlow Baines, Guardianes de la Tierra. <a href=\"https:\/\/www.facebook.com\/events\/224179388817339\/\" target=\"_blank\" rel=\"noopener noreferrer\">Informaci\u00f3n y Registro<\/a><\/p>\n<\/div>\n<\/section>\n<\/div><\/section><\/p>\n<\/div><\/div>\n<style type=\"text\/css\" data-created_by=\"avia_inline_auto\" id=\"style-css-av-ql0nb-9af5d281728d2c2a708dbd99bf6e2fb3\">\n.flex_cell.av-ql0nb-9af5d281728d2c2a708dbd99bf6e2fb3{\nvertical-align:top;\n}\n.responsive #top #wrap_all .flex_cell.av-ql0nb-9af5d281728d2c2a708dbd99bf6e2fb3{\npadding:30px 30px 30px 30px !important;\n}\n<\/style>\n<div class='flex_cell av-ql0nb-9af5d281728d2c2a708dbd99bf6e2fb3 av-gridrow-cell av_one_fourth no_margin content-align-top'  ><div class='flex_cell_inner'><p>\n<style type=\"text\/css\" data-created_by=\"avia_inline_auto\" id=\"style-css-av-tjci3-50e520b8235454a5d211d56c10105fa2\">\n.avia-image-container.av-tjci3-50e520b8235454a5d211d56c10105fa2 img.avia_image{\nbox-shadow:none;\n}\n.avia-image-container.av-tjci3-50e520b8235454a5d211d56c10105fa2 .av-image-caption-overlay-center{\ncolor:#ffffff;\n}\n<\/style>\n<div  class='avia-image-container av-tjci3-50e520b8235454a5d211d56c10105fa2 av-styling- av-img-linked avia-align-center'   itemprop=\"image\" itemscope=\"itemscope\" itemtype=\"https:\/\/schema.org\/ImageObject\" ><div class=\"avia-image-container-inner\"><div class=\"avia-image-overlay-wrap\"><a href=\"https:\/\/www.facebook.com\/events\/500255687522706\/\" class='avia_image'  target=\"_blank\"  rel=\"noopener noreferrer\" aria-label='entrenamiento-huella-real'><img decoding=\"async\" fetchpriority=\"high\" class='wp-image-200695 avia-img-lazy-loading-not-200695 avia_image' src=\"https:\/\/boulder.earth\/wp-content\/uploads\/2020\/04\/real-footprint-training.jpg\" alt='' title='entrenamiento-huella-real'  height=\"164\" width=\"300\"  itemprop=\"thumbnailUrl\"  \/><\/a><\/div><\/div><\/div><br \/>\n<section  class='av_textblock_section av-sn80r-2206e60021629b020ca1a4404ce42c57'   itemscope=\"itemscope\" itemtype=\"https:\/\/schema.org\/BlogPosting\" itemprop=\"blogPost\" ><div class='avia_textblock'  itemprop=\"text\" ><h4 style=\"text-align: center;\"><a href=\"https:\/\/www.facebook.com\/events\/500255687522706\/\" target=\"_blank\" rel=\"noopener noreferrer\">Formaci\u00f3n Eco-L\u00edderes 2.0: La huella real de nuestras cosas<\/a><\/h4>\n<p><strong>22 de abril \u00a0 <\/strong>\u00danete a la \u00faltima formaci\u00f3n Eco-Leader 2.0 DIGITAL. Hablamos mucho sobre lo que sucede con nuestros materiales \u201caguas abajo\u201d, es decir, despu\u00e9s de haberlos usado. \u00a1Pero saber qu\u00e9 es reciclable o compostable no es la historia completa! \u00bfAlguna vez te has preguntado c\u00f3mo la arena se convierte en vidrio? \u00bfC\u00f3mo se fabrican los pl\u00e1sticos a partir del fracking? \u00bfC\u00f3mo se convierte la bauxita en aluminio? En esta capacitaci\u00f3n, aprenderemos c\u00f3mo los recursos extra\u00eddos de nuestro planeta se convierten en nuestros productos y cu\u00e1l es su impacto aguas arriba, antes de que veamos un producto. <a href=\"https:\/\/www.facebook.com\/events\/500255687522706\/\" target=\"_blank\" rel=\"noopener noreferrer\">Obtenga m\u00e1s informaci\u00f3n y reg\u00edstrese<\/a><\/p>\n<\/div><\/section><\/p>\n<\/div><\/div>\n<style type=\"text\/css\" data-created_by=\"avia_inline_auto\" id=\"style-css-av-ql0nb-9af5d281728d2c2a708dbd99bf6e2fb3\">\n.flex_cell.av-ql0nb-9af5d281728d2c2a708dbd99bf6e2fb3{\nvertical-align:top;\n}\n.responsive #top #wrap_all .flex_cell.av-ql0nb-9af5d281728d2c2a708dbd99bf6e2fb3{\npadding:30px 30px 30px 30px !important;\n}\n<\/style>\n<div class='flex_cell av-ql0nb-9af5d281728d2c2a708dbd99bf6e2fb3 av-gridrow-cell av_one_fourth no_margin content-align-top'  ><div class='flex_cell_inner'><p>\n<style type=\"text\/css\" data-created_by=\"avia_inline_auto\" id=\"style-css-av-tjci3-fb1f8c5cb5fa7e25160ad809d79dbfb4\">\n.avia-image-container.av-tjci3-fb1f8c5cb5fa7e25160ad809d79dbfb4 img.avia_image{\nbox-shadow:none;\n}\n.avia-image-container.av-tjci3-fb1f8c5cb5fa7e25160ad809d79dbfb4 .av-image-caption-overlay-center{\ncolor:#ffffff;\n}\n<\/style>\n<div  class='avia-image-container av-tjci3-fb1f8c5cb5fa7e25160ad809d79dbfb4 av-styling- av-img-linked avia-align-center'   itemprop=\"image\" itemscope=\"itemscope\" itemtype=\"https:\/\/schema.org\/ImageObject\" ><div class=\"avia-image-container-inner\"><div class=\"avia-image-overlay-wrap\"><a href=\"https:\/\/www.meetup.com\/Boulder-Colorado-Renewable-Energy-Society-Meetup\/events\/268793880\/\" class='avia_image'  target=\"_blank\"  rel=\"noopener noreferrer\" aria-label='caminos bcres'><img decoding=\"async\" fetchpriority=\"high\" class='wp-image-200696 avia-img-lazy-loading-not-200696 avia_image' src=\"https:\/\/boulder.earth\/wp-content\/uploads\/2020\/04\/bcres-pathways.jpg\" alt='' title='caminos bcres'  height=\"164\" width=\"300\"  itemprop=\"thumbnailUrl\"  \/><\/a><\/div><\/div><\/div><br \/>\n<section  class='av_textblock_section av-sn80r-2206e60021629b020ca1a4404ce42c57'   itemscope=\"itemscope\" itemtype=\"https:\/\/schema.org\/BlogPosting\" itemprop=\"blogPost\" ><div class='avia_textblock'  itemprop=\"text\" ><h4 style=\"text-align: center;\"><a href=\"https:\/\/www.meetup.com\/Boulder-Colorado-Renewable-Energy-Society-Meetup\/events\/268793880\/\" target=\"_blank\" rel=\"noopener noreferrer\"><b>Caminos hacia una r\u00e1pida descarbonizaci\u00f3n: econom\u00eda del Green New Deal<\/b><\/a><\/h4>\n<p><strong>22 de abril\u00a0<\/strong> Anders Fremstad, profesor de econom\u00eda en la Universidad Estatal de Colorado, discutir\u00e1 por qu\u00e9 un programa de descarbonizaci\u00f3n r\u00e1pida no solo es posible, sino tremendamente beneficioso en t\u00e9rminos de creaci\u00f3n de empleo, mejora del crecimiento econ\u00f3mico y promoci\u00f3n de la equidad. Dicha propuesta incluye 1) fijaci\u00f3n de precios del carbono para garantizar que cumplamos nuestros objetivos de emisiones de manera equitativa, 2) regulaciones integrales para promover la descarbonizaci\u00f3n en todos los \u00e1mbitos y 3) inversiones p\u00fablicas a gran escala. <a href=\"https:\/\/www.meetup.com\/Boulder-Colorado-Renewable-Energy-Society-Meetup\/events\/268793880\/\" target=\"_blank\" rel=\"noopener noreferrer\">M\u00e1s informaci\u00f3n y registro<\/a><\/p>\n<\/div><\/section><\/p>\n<\/div><\/div>\n<style type=\"text\/css\" data-created_by=\"avia_inline_auto\" id=\"style-css-av-ql0nb-9af5d281728d2c2a708dbd99bf6e2fb3\">\n.flex_cell.av-ql0nb-9af5d281728d2c2a708dbd99bf6e2fb3{\nvertical-align:top;\n}\n.responsive #top #wrap_all .flex_cell.av-ql0nb-9af5d281728d2c2a708dbd99bf6e2fb3{\npadding:30px 30px 30px 30px !important;\n}\n<\/style>\n<div class='flex_cell av-ql0nb-9af5d281728d2c2a708dbd99bf6e2fb3 av-gridrow-cell av_one_fourth no_margin content-align-top'  ><div class='flex_cell_inner'><p>\n<style type=\"text\/css\" data-created_by=\"avia_inline_auto\" id=\"style-css-av-tjci3-e1f2b67886b7be98eb3b1b6e246d7021\">\n.avia-image-container.av-tjci3-e1f2b67886b7be98eb3b1b6e246d7021 img.avia_image{\nbox-shadow:none;\n}\n.avia-image-container.av-tjci3-e1f2b67886b7be98eb3b1b6e246d7021 .av-image-caption-overlay-center{\ncolor:#ffffff;\n}\n<\/style>\n<div  class='avia-image-container av-tjci3-e1f2b67886b7be98eb3b1b6e246d7021 av-styling- av-img-linked avia-align-center'   itemprop=\"image\" itemscope=\"itemscope\" itemtype=\"https:\/\/schema.org\/ImageObject\" ><div class=\"avia-image-container-inner\"><div class=\"avia-image-overlay-wrap\"><a href=\"https:\/\/www.colorado.edu\/ecenter\/zero-waste\/research-resources\/zero-waste-lab?fbclid=IwAR1OpkCf78vVKcVWPqEYIhnmNPewY4y2PTHbjcjhxpuIGkFxF933a1SJM-I\" class='avia_image'  target=\"_blank\"  rel=\"noopener noreferrer\" aria-label='zerowaste-teachin'><img decoding=\"async\" fetchpriority=\"high\" class='wp-image-204124 avia-img-lazy-loading-not-204124 avia_image' src=\"https:\/\/boulder.earth\/wp-content\/uploads\/2020\/04\/zerowaste-teachin.jpg\" alt='' title='zerowaste-teachin'  height=\"164\" width=\"300\"  itemprop=\"thumbnailUrl\"  \/><\/a><\/div><\/div><\/div><br \/>\n<section  class='av_textblock_section av-sn80r-2206e60021629b020ca1a4404ce42c57'   itemscope=\"itemscope\" itemtype=\"https:\/\/schema.org\/BlogPosting\" itemprop=\"blogPost\" ><div class='avia_textblock'  itemprop=\"text\" ><section class=\"av_textblock_section\">\n<div class=\"avia_textblock\">\n<h4 style=\"text-align: center;\"><a href=\"https:\/\/www.colorado.edu\/ecenter\/zero-waste\/research-resources\/zero-waste-lab?fbclid=IwAR1OpkCf78vVKcVWPqEYIhnmNPewY4y2PTHbjcjhxpuIGkFxF933a1SJM-I\" target=\"_blank\" rel=\"noopener noreferrer\"><b>Taller virtual del D\u00eda de la Tierra de Zero Waste Lab<\/b><\/a><\/h4>\n<p><strong>23 de abril @ 10am-5pm\u00a0<\/strong> \u00danase a los estudiantes, profesores y profesionales de basura cero de todo el pa\u00eds mientras el laboratorio de basura cero de CU ayuda a celebrar el 50 aniversario del Centro Ambiental de CU. Los oradores incluyen a Judi Gregory \u2013 Junta Nacional de Certificaci\u00f3n de Normas, Rhonda Sherman \u2013 Centro de Vermicompostaje de NCSU, Maggie Clark, Phd \u2013 Junta Asesora de Residuos S\u00f3lidos de Manhattan, Karyn Kaplan University of Oregon Zero Waste, Tim Broderick \u2013 Especialista en Sostenibilidad de Zero Waste Condado de Boulder, Ric Anthony- Alianza Internacional Basura Cero, Coalici\u00f3n Nacional de Reciclaje. V\u00eddeos, Premios, M\u00fasica de los Garbage Gurus. <a href=\"https:\/\/www.colorado.edu\/ecenter\/zero-waste\/research-resources\/zero-waste-lab?fbclid=IwAR1OpkCf78vVKcVWPqEYIhnmNPewY4y2PTHbjcjhxpuIGkFxF933a1SJM-I\" target=\"_blank\" rel=\"noopener noreferrer\">Informaci\u00f3n y Registro<\/a><\/p>\n<\/div>\n<\/section>\n<\/div><\/section><\/p>\n<\/div><\/div><\/div><div  class='avia-slideshow av-k9biikqg-066b4c8fd1e97a106efa51e690613808 avia-slideshow-no scaling av_slideshow avia-slide-slider av-slideshow-ui av-control-default av-slideshow-autoplay av-loop-endless av-loop-manual-endless av-default-height-applied avia-slideshow-1' data-slideshow-options=\"{&quot;animation&quot;:&quot;slide&quot;,&quot;autoplay&quot;:true,&quot;loop_autoplay&quot;:&quot;endless&quot;,&quot;interval&quot;:10,&quot;loop_manual&quot;:&quot;manual-endless&quot;,&quot;autoplay_stopper&quot;:false,&quot;noNavigation&quot;:false,&quot;bg_slider&quot;:false,&quot;keep_padding&quot;:false,&quot;hoverpause&quot;:false,&quot;show_slide_delay&quot;:0}\"  itemprop=\"image\" itemscope=\"itemscope\" itemtype=\"https:\/\/schema.org\/ImageObject\" ><ul class='avia-slideshow-inner' style='padding-bottom: 36.181818181818%;'><li  class='avia-slideshow-slide av-k9biikqg-066b4c8fd1e97a106efa51e690613808__0  slide-1 slide-odd'><a href=\"https:\/\/www.earthdaylive2020.org\"  data-rel='slideshow-1' class='avia-slide-wrap'   ><img decoding=\"async\" fetchpriority=\"high\" class=\"wp-image-205816 avia-img-lazy-loading-not-205816\"  src=\"https:\/\/boulder.earth\/wp-content\/uploads\/2020\/04\/earthdaylive2020.jpg\" width=\"1100\" height=\"398\" title='d\u00eda de la tierraen vivo2020' alt=''  itemprop=\"thumbnailUrl\" srcset=\"https:\/\/boulder.earth\/wp-content\/uploads\/2020\/04\/earthdaylive2020.jpg 1100w, https:\/\/boulder.earth\/wp-content\/uploads\/2020\/04\/earthdaylive2020-300x109.jpg 300w, https:\/\/boulder.earth\/wp-content\/uploads\/2020\/04\/earthdaylive2020-768x278.jpg 768w, https:\/\/boulder.earth\/wp-content\/uploads\/2020\/04\/earthdaylive2020-1030x373.jpg 1030w, https:\/\/boulder.earth\/wp-content\/uploads\/2020\/04\/earthdaylive2020-705x255.jpg 705w, https:\/\/boulder.earth\/wp-content\/uploads\/2020\/04\/earthdaylive2020-450x163.jpg 450w\" sizes=\"(max-width: 1100px) 100vw, 1100px\" \/><\/a><\/li><li  class='avia-slideshow-slide av-k9biikqg-066b4c8fd1e97a106efa51e690613808__1  slide-2 slide-even'><a href=\"https:\/\/www.earthday.org\/earth-day-live\/\"  target=\"_blank\"  rel=\"noopener noreferrer\" data-rel='slideshow-1' class='avia-slide-wrap'   ><img decoding=\"async\" fetchpriority=\"high\" class=\"wp-image-205817 avia-img-lazy-loading-not-205817\"  src=\"https:\/\/boulder.earth\/wp-content\/uploads\/2020\/04\/earthday-digital.jpg\" width=\"1100\" height=\"398\" title='d\u00eda de la tierra-digital' alt=''  itemprop=\"thumbnailUrl\" srcset=\"https:\/\/boulder.earth\/wp-content\/uploads\/2020\/04\/earthday-digital.jpg 1100w, https:\/\/boulder.earth\/wp-content\/uploads\/2020\/04\/earthday-digital-300x109.jpg 300w, https:\/\/boulder.earth\/wp-content\/uploads\/2020\/04\/earthday-digital-768x278.jpg 768w, https:\/\/boulder.earth\/wp-content\/uploads\/2020\/04\/earthday-digital-1030x373.jpg 1030w, https:\/\/boulder.earth\/wp-content\/uploads\/2020\/04\/earthday-digital-705x255.jpg 705w, https:\/\/boulder.earth\/wp-content\/uploads\/2020\/04\/earthday-digital-450x163.jpg 450w\" sizes=\"(max-width: 1100px) 100vw, 1100px\" \/><\/a><\/li><\/ul><div class='avia-slideshow-arrows avia-slideshow-controls' ><a href='#prev' class='prev-slide  avia-svg-icon avia-font-svg_entypo-fontello' data-av_svg_icon='left-open-big' data-av_iconset='svg_entypo-fontello' tabindex='-1' title=\"Anterior\"><svg version=\"1.1\" xmlns=\"http:\/\/www.w3.org\/2000\/svg\" width=\"15\" height=\"32\" viewbox=\"0 0 15 32\" preserveaspectratio=\"xMidYMid meet\" aria-labelledby='av-svg-title-1' aria-describedby='av-svg-desc-1' role=\"graphics-symbol\" aria-hidden=\"true\">\n<title id='av-svg-title-1'>Previous<\/title>\n<desc id='av-svg-desc-1'>Anterior<\/desc>\n<path d=\"M14.464 27.84q0.832 0.832 0 1.536-0.832 0.832-1.536 0l-12.544-12.608q-0.768-0.768 0-1.6l12.544-12.608q0.704-0.832 1.536 0 0.832 0.704 0 1.536l-11.456 11.904z\"><\/path>\n<\/svg><span class='avia_hidden_link_text'>Anterior<\/span><\/a><a href='#next' class='next-slide  avia-svg-icon avia-font-svg_entypo-fontello' data-av_svg_icon='right-open-big' data-av_iconset='svg_entypo-fontello' tabindex='-1' title=\"pr\u00f3ximo\"><svg version=\"1.1\" xmlns=\"http:\/\/www.w3.org\/2000\/svg\" width=\"15\" height=\"32\" viewbox=\"0 0 15 32\" preserveaspectratio=\"xMidYMid meet\" aria-labelledby='av-svg-title-2' aria-describedby='av-svg-desc-2' role=\"graphics-symbol\" aria-hidden=\"true\">\n<title id='av-svg-title-2'>Next<\/title>\n<desc id='av-svg-desc-2'>pr\u00f3ximo<\/desc>\n<path d=\"M0.416 27.84l11.456-11.84-11.456-11.904q-0.832-0.832 0-1.536 0.832-0.832 1.536 0l12.544 12.608q0.768 0.832 0 1.6l-12.544 12.608q-0.704 0.832-1.536 0-0.832-0.704 0-1.536z\"><\/path>\n<\/svg><span class='avia_hidden_link_text'>pr\u00f3ximo<\/span><\/a><\/div><div class='avia-slideshow-dots avia-slideshow-controls'><a href='#1' class='goto-slide active' >1<\/a><a href='#2' class='goto-slide' >2<\/a><\/div><\/div><\/p>\n<div  class='av-social-sharing-box av-av_social_share-f0efd7e2c62855e7c9fd0fad49500a0e av-social-sharing-box-default av-social-sharing-box-fullwidth'><div class=\"av-share-box\"><h5 class='av-share-link-description av-no-toc'>Comparte esta entrada<\/h5><ul class=\"av-share-box-list noLightbox\"><li class='av-share-link av-social-link-facebook avia_social_iconfont' ><a target=\"_blank\" aria-label=\"Compartir en Facebook\" href='https:\/\/www.facebook.com\/sharer.php?u=https:\/\/boulder.earth\/es\/earth-day-2020\/&#038;t=Earth%20Day%202020' data-av_icon='\ue8f3' data-av_iconfont='entypo-fontello'  title='' data-avia-related-tooltip='Share on Facebook'><span class='avia_hidden_link_text'>Compartir en Facebook<\/span><\/a><\/li><li class='av-share-link av-social-link-twitter avia_social_iconfont' ><a target=\"_blank\" aria-label=\"Compartir en X\" href='https:\/\/twitter.com\/share?text=Earth%20Day%202020&#038;url=https:\/\/boulder.earth\/es\/?p=205809' data-av_icon='\ue932' data-av_iconfont='entypo-fontello'  title='' data-avia-related-tooltip='Share on X'><span class='avia_hidden_link_text'>Compartir en X<\/span><\/a><\/li><li class='av-share-link av-social-link-whatsapp avia_social_iconfont' ><a target=\"_blank\" aria-label=\"Compartir en WhatsApp\" href='https:\/\/api.whatsapp.com\/send?text=https:\/\/boulder.earth\/es\/earth-day-2020\/' data-av_icon='\uf232' data-av_iconfont='entypo-fontello'  title='' data-avia-related-tooltip='Share on WhatsApp'><span class='avia_hidden_link_text'>Compartir en WhatsApp<\/span><\/a><\/li><li class='av-share-link av-social-link-pinterest avia_social_iconfont' ><a target=\"_blank\" aria-label=\"Compartir en Pinterest\" href='https:\/\/pinterest.com\/pin\/create\/button\/?url=https%3A%2F%2Fboulder.earth%2Fes%2Fearth-day-2020%2F&#038;description=Earth%20Day%202020&#038;media=https%3A%2F%2Fboulder.earth%2Fwp-content%2Fuploads%2F2020%2F04%2Fearthday-50th-anniversary-705x247.jpg' data-av_icon='\ue8f8' data-av_iconfont='entypo-fontello'  title='' data-avia-related-tooltip='Share on Pinterest'><span class='avia_hidden_link_text'>Compartir en Pinterest<\/span><\/a><\/li><li class='av-share-link av-social-link-linkedin avia_social_iconfont' ><a target=\"_blank\" aria-label=\"Compartir en LinkedIn\" href='https:\/\/linkedin.com\/shareArticle?mini=true&#038;title=Earth%20Day%202020&#038;url=https:\/\/boulder.earth\/es\/earth-day-2020\/' data-av_icon='\ue8fc' data-av_iconfont='entypo-fontello'  title='' data-avia-related-tooltip='Share on LinkedIn'><span class='avia_hidden_link_text'>Compartir en LinkedIn<\/span><\/a><\/li><li class='av-share-link av-social-link-tumblr avia_social_iconfont' ><a target=\"_blank\" aria-label=\"Compartir en Tumblr\" href='https:\/\/www.tumblr.com\/share\/link?url=https%3A%2F%2Fboulder.earth%2Fes%2Fearth-day-2020%2F&#038;name=Earth%20Day%202020&#038;description=Wednesday%20April%2022%20marks%20a%20half-century%20since%20we%20began%20%2Aofficially%2A%20celebrating%20the%20beautiful%20planet%20we%20call%20home%20%28indigenous%20communities%20have%20been%20doing%20it%20for%20millennia%2C%20and%20far%20more%20regularly%20than%20one%20tokenized%20day%2Fyear%E2%80%94just%20sayin%27%29.' data-av_icon='\ue8fa' data-av_iconfont='entypo-fontello'  title='' data-avia-related-tooltip='Share on Tumblr'><span class='avia_hidden_link_text'>Compartir en Tumblr<\/span><\/a><\/li><li class='av-share-link av-social-link-vk avia_social_iconfont' ><a target=\"_blank\" aria-label=\"Compartir en Vk\" href='https:\/\/vk.com\/share.php?url=https:\/\/boulder.earth\/es\/earth-day-2020\/' data-av_icon='\ue926' data-av_iconfont='entypo-fontello'  title='' data-avia-related-tooltip='Share on Vk'><span class='avia_hidden_link_text'>Compartir en Vk<\/span><\/a><\/li><li class='av-share-link av-social-link-reddit avia_social_iconfont' ><a target=\"_blank\" aria-label=\"Compartir en Reddit\" href='https:\/\/reddit.com\/submit?url=https:\/\/boulder.earth\/es\/earth-day-2020\/&#038;title=Earth%20Day%202020' data-av_icon='\ue927' data-av_iconfont='entypo-fontello'  title='' data-avia-related-tooltip='Share on Reddit'><span class='avia_hidden_link_text'>Compartir en Reddit<\/span><\/a><\/li><li class='av-share-link av-social-link-mail avia_social_iconfont' ><a  aria-label=\"Compartir por correo\" href='mailto:?subject=Earth%20Day%202020&#038;body=https:\/\/boulder.earth\/es\/earth-day-2020\/' data-av_icon='\ue805' data-av_iconfont='entypo-fontello'  title='' data-avia-related-tooltip='Share by Mail'><span class='avia_hidden_link_text'>Compartir por correo<\/span><\/a><\/li><\/ul><\/div><\/div>","protected":false},"excerpt":{"rendered":"<p>El mi\u00e9rcoles 22 de abril se cumple medio siglo desde que comenzamos *oficialmente* a celebrar el hermoso planeta que llamamos hogar (las comunidades ind\u00edgenas lo han estado haciendo durante milenios, y mucho m\u00e1s regularmente que un d\u00eda\/a\u00f1o tokenizado, solo digo).<\/p>","protected":false},"author":1,"featured_media":205813,"comment_status":"open","ping_status":"open","sticky":false,"template":"","format":"standard","meta":{"footnotes":""},"categories":[322],"tags":[],"class_list":["post-205809","post","type-post","status-publish","format-standard","has-post-thumbnail","hentry","category-blog"],"_links":{"self":[{"href":"https:\/\/boulder.earth\/es\/wp-json\/wp\/v2\/posts\/205809","targetHints":{"allow":["GET"]}}],"collection":[{"href":"https:\/\/boulder.earth\/es\/wp-json\/wp\/v2\/posts"}],"about":[{"href":"https:\/\/boulder.earth\/es\/wp-json\/wp\/v2\/types\/post"}],"author":[{"embeddable":true,"href":"https:\/\/boulder.earth\/es\/wp-json\/wp\/v2\/users\/1"}],"replies":[{"embeddable":true,"href":"https:\/\/boulder.earth\/es\/wp-json\/wp\/v2\/comments?post=205809"}],"version-history":[{"count":1,"href":"https:\/\/boulder.earth\/es\/wp-json\/wp\/v2\/posts\/205809\/revisions"}],"predecessor-version":[{"id":205818,"href":"https:\/\/boulder.earth\/es\/wp-json\/wp\/v2\/posts\/205809\/revisions\/205818"}],"wp:featuredmedia":[{"embeddable":true,"href":"https:\/\/boulder.earth\/es\/wp-json\/wp\/v2\/media\/205813"}],"wp:attachment":[{"href":"https:\/\/boulder.earth\/es\/wp-json\/wp\/v2\/media?parent=205809"}],"wp:term":[{"taxonomy":"category","embeddable":true,"href":"https:\/\/boulder.earth\/es\/wp-json\/wp\/v2\/categories?post=205809"},{"taxonomy":"post_tag","embeddable":true,"href":"https:\/\/boulder.earth\/es\/wp-json\/wp\/v2\/tags?post=205809"}],"curies":[{"name":"wp","href":"https:\/\/api.w.org\/{rel}","templated":true}]}}