{"id":5478476,"date":"2022-09-12T08:24:00","date_gmt":"2022-09-12T14:24:00","guid":{"rendered":"https:\/\/boulder.earth\/?p=5478476"},"modified":"2022-09-12T20:21:37","modified_gmt":"2022-09-13T02:21:37","slug":"the-new-buzz-from-boulder-dot-earth","status":"publish","type":"post","link":"https:\/\/boulder.earth\/es\/the-new-buzz-from-boulder-dot-earth\/","title":{"rendered":"El nuevo Buzz de Boulder dot Earth"},"content":{"rendered":"<style type=\"text\/css\" data-created_by=\"avia_inline_auto\" id=\"style-css-av-5q3rxmq4-569ce06041c4856fc9e8837666682e4e\">\n.flex_column.av-5q3rxmq4-569ce06041c4856fc9e8837666682e4e{\nborder-radius:0px 0px 0px 0px;\npadding:0px 0px 0px 0px;\n}\n<\/style>\n<div  class='flex_column av-5q3rxmq4-569ce06041c4856fc9e8837666682e4e av_one_full  avia-builder-el-0  avia-builder-el-no-sibling  first flex_column_div av-zero-column-padding'     ><section  class='av_textblock_section av-l7vziqj2-e3a8b7be86161bcf1970737a921eaa69'   itemscope=\"itemscope\" itemtype=\"https:\/\/schema.org\/BlogPosting\" itemprop=\"blogPost\" ><div class='avia_textblock'  itemprop=\"text\" ><h1>El nuevo Buzz de Boulder dot Earth<\/h1>\n<p><em>13 de septiembre de 2022<\/em><\/p>\n<p><span style=\"font-weight: 400;\">Saludos, terr\u00edcolas de dot Earth,<\/span><\/p>\n<p><span style=\"font-weight: 400;\">Ha pasado buen tiempo. Pero, esta semana se conmemora nuestro primer renacimiento.<\/span><\/p>\n<p><span style=\"font-weight: 400;\">Si es que no lo notaron ni escucharon, Boulder dot Earth ha estado enfrentando las adversidades de los dos \u00faltimos a\u00f1os. Nuestra misi\u00f3n es la misma, pero nuestro enfoque ha evolucionado. Hace un a\u00f1o, empezamos un nuevo cap\u00edtulo, naci\u00f3 BoCo Climate Justice Hive.<\/span><\/p>\n<p><span style=\"font-weight: 400;\"><img loading=\"lazy\" decoding=\"async\" class=\"alignleft size-full wp-image-5477137\" src=\"https:\/\/boulder.earth\/wp-content\/uploads\/2022\/03\/hive-logo-4-Vert.jpg\" alt=\"\" width=\"300\" height=\"317\" srcset=\"https:\/\/boulder.earth\/wp-content\/uploads\/2022\/03\/hive-logo-4-Vert.jpg 300w, https:\/\/boulder.earth\/wp-content\/uploads\/2022\/03\/hive-logo-4-Vert-284x300.jpg 284w\" sizes=\"auto, (max-width: 300px) 100vw, 300px\" \/>En un esfuerzo por interconectar las conversaciones, coordinar de manera m\u00e1s eficaz y fomentar la colaboraci\u00f3n, Boulder dot Earth y el Centro para la Resiliencia y Regeneraci\u00f3n Joanna Macy de la Universidad Naropa crearon en conjunto, el Hive, a fin de aunar varios esfuerzos de justicia clim\u00e1tica, liderados por la comunidad.<\/span><\/p>\n<p><span style=\"font-weight: 400;\">Con el Hive, ahora, esencialmente tenemos un hogar y <\/span><a href=\"https:\/\/boulder.earth\/es\/about\/\"><span style=\"font-weight: 400;\">personal<\/span><\/a><span style=\"font-weight: 400;\"> trabajadores que mantendr\u00e1n y gestionar\u00e1n la p\u00e1gina web de Boulder dot Earth. El Hive difunde informaci\u00f3n actualizada sobre qui\u00e9n est\u00e1 haciendo algo y d\u00f3nde, creando una \u201cpolinizaci\u00f3n cruzada\u201d entre vecindarios, comunidades y sectores del condado de Boulder, entrelazando conexiones con grupos comunitarios y l\u00edderes influyentes en el \u00e1mbito de organizaciones sin fines de lucro, acad\u00e9mico, empresarial y gubernamental.\u00a0<\/span><\/p>\n<p><span style=\"font-weight: 400;\">\u00a1Pero esto se pone todav\u00eda m\u00e1s interesante!<\/span><\/p>\n<p><span style=\"font-weight: 400;\">El Hive, junto con <\/span><a href=\"https:\/\/harmonize.work\/\" target=\"_blank\" rel=\"noopener\"><span style=\"font-weight: 400;\">Harmonize<\/span><\/a><span style=\"font-weight: 400;\">, est\u00e1 construyendo un mapa interactivo en l\u00ednea, de f\u00e1cil uso, que ilustra redes de colaboraci\u00f3n formales, informales y posibles. El condado de Boulder est\u00e1 contemplando esta plataforma virtual, como un prototipo para realizar a escala y replicarlo para beneficio de otras comunidades.\u00a0<\/span><\/p>\n<p><span style=\"font-weight: 400;\">Esta plataforma virtual pone a la justicia clim\u00e1tica en el centro de la conversaci\u00f3n, usando el liderazgo del <\/span><a href=\"https:\/\/boulder.earth\/es\/organizations\/climate-justicecollaborative\/\"><span style=\"font-weight: 400;\">Colaborativo de Justicia Clim\u00e1tica<\/span><\/a><span style=\"font-weight: 400;\">, un grupo de colaboraci\u00f3n dirigido por miembros de la comunidad, el cual crea y aplica un enfoque de equidad racial, cambiando las estructuras de poder y promulgando soluciones justas ante el cambio clim\u00e1tico. Adem\u00e1s, estamos creando un mapa que recopila esfuerzos de alimentaci\u00f3n y agr\u00edcolas locales, e informaci\u00f3n de grupos religiosos relacionados con <\/span><a href=\"https:\/\/boulder.earth\/es\/event\/greenfaith-boulder-county-special-in-person-monthly-meetup\/\"><span style=\"font-weight: 400;\">GreenFaith Boulder County Circle<\/span><\/a><span style=\"font-weight: 400;\">,  quienes est\u00e1n desarrollando un movimiento clim\u00e1tico y medioambiental formado por varias religiones. \u00a1Y mucho m\u00e1s!<\/span><\/p>\n<p><span style=\"font-weight: 400;\"><img loading=\"lazy\" decoding=\"async\" class=\"alignright size-medium wp-image-5478477\" src=\"https:\/\/boulder.earth\/wp-content\/uploads\/2022\/09\/micha-lodi-284x300.jpg\" alt=\"\" width=\"284\" height=\"300\" srcset=\"https:\/\/boulder.earth\/wp-content\/uploads\/2022\/09\/micha-lodi-284x300.jpg 284w, https:\/\/boulder.earth\/wp-content\/uploads\/2022\/09\/micha-lodi-768x812.jpg 768w, https:\/\/boulder.earth\/wp-content\/uploads\/2022\/09\/micha-lodi-11x12.jpg 11w, https:\/\/boulder.earth\/wp-content\/uploads\/2022\/09\/micha-lodi-667x705.jpg 667w, https:\/\/boulder.earth\/wp-content\/uploads\/2022\/09\/micha-lodi.jpg 800w\" sizes=\"auto, (max-width: 284px) 100vw, 284px\" \/>A nombre del equipo, pasado y actual, de Boulder dot Earth, tenemos el agrado de presentarles a los Directores Adjuntos de BoCo Climate Justice Hive, Lodi Siefer y Micha Kurz.<\/span><\/p>\n<p><span style=\"font-weight: 400;\">Ojal\u00e1 que podamos llamar vuestra atenci\u00f3n de nuevo. Si alguna parte de esto les emociona, por favor, <\/span><a href=\"https:\/\/boulder.earth\/es\/about\/contact-us\/\"><span style=\"font-weight: 400;\">comun\u00edquense con nosotros<\/span><\/a><span style=\"font-weight: 400;\">. Por supuesto que queremos y necesitamos m\u00e1s ayuda. Si eres un organizador, cu\u00e9ntanos los desaf\u00edos que enfrentas y el tipo de asistencia que necesitas. Ya hemos avanzado bastante en la modificaci\u00f3n del mapa de justicia clim\u00e1tica y social del condado de Boulder, y queremos asegurarnos de que est\u00e9n informados. Si quisieran ser parte de este esfuerzo con una contribuci\u00f3n financiera, pueden <\/span><a href=\"https:\/\/boulder.earth\/es\/donate\/\"><span style=\"font-weight: 400;\">donar aqu\u00ed<\/span><\/a><span style=\"font-weight: 400;\">.<\/span><\/p>\n<p><span style=\"font-weight: 400;\">Y aseg\u00farese de revisar el <\/span><a href=\"https:\/\/boulder.earth\/es\/calendar\/\"><span style=\"font-weight: 400;\">Calendario<\/span><\/a><span style=\"font-weight: 400;\"> que ya est\u00e1 activo de nuevo. Av\u00edsennos si tienen un evento para publicarlo. Por favor, divulguen los rumores.<\/span><\/p>\n<p><span style=\"font-weight: 400;\">Con emoci\u00f3n y solidaridad<\/span><\/p>\n<p><span style=\"font-weight: 400;\">-Mark, Lodi y Micha<\/span><\/p>\n<\/div><\/section><br \/>\n\n<style type=\"text\/css\" data-created_by=\"avia_inline_auto\" id=\"style-css-av-l7vzz8yf-5671da3e7eb65ea2b747e86f8d8e457b\">\n#top .hr.hr-invisible.av-l7vzz8yf-5671da3e7eb65ea2b747e86f8d8e457b{\nheight:50px;\n}\n<\/style>\n<div  class='hr av-l7vzz8yf-5671da3e7eb65ea2b747e86f8d8e457b hr-invisible  avia-builder-el-2  el_after_av_textblock  el_before_av_masonry_gallery  avia-builder-el-last'><span class='hr-inner'><span class=\"hr-inner-style\"><\/span><\/span><\/div><br \/>\n<div id='av-masonry-1' class='av-masonry av-l7vzr0zn-5a818146d35b620a3a67ac49bd687983 noHover av-fixed-size av-large-gap av-hover-overlay-active av-masonry-animation-active av-masonry-col-2 av-caption-always av-caption-style- av-masonry-gallery av-medium-columns-overwrite av-medium-columns-2 av-small-columns-overwrite av-small-columns-1 av-mini-columns-overwrite av-mini-columns-1' data-post_id=\"5478476\"><div class=\"av-masonry-container isotope av-js-disabled\"><div class='av-masonry-entry isotope-item av-masonry-item-no-image'><\/div><a href=\"https:\/\/boulder.earth\/wp-content\/uploads\/2022\/09\/cjc-workshop-1030x735.jpg\" data-srcset=\"https:\/\/boulder.earth\/wp-content\/uploads\/2022\/09\/cjc-workshop-1030x735.jpg 1030w, https:\/\/boulder.earth\/wp-content\/uploads\/2022\/09\/cjc-workshop-300x214.jpg 300w, https:\/\/boulder.earth\/wp-content\/uploads\/2022\/09\/cjc-workshop-768x548.jpg 768w, https:\/\/boulder.earth\/wp-content\/uploads\/2022\/09\/cjc-workshop-1536x1096.jpg 1536w, https:\/\/boulder.earth\/wp-content\/uploads\/2022\/09\/cjc-workshop-18x12.jpg 18w, https:\/\/boulder.earth\/wp-content\/uploads\/2022\/09\/cjc-workshop-1500x1071.jpg 1500w, https:\/\/boulder.earth\/wp-content\/uploads\/2022\/09\/cjc-workshop-260x185.jpg 260w, https:\/\/boulder.earth\/wp-content\/uploads\/2022\/09\/cjc-workshop-705x503.jpg 705w, https:\/\/boulder.earth\/wp-content\/uploads\/2022\/09\/cjc-workshop.jpg 1600w\" data-sizes=\"(max-width: 1030px) 100vw, 1030px\"  aria-label=\"imagen cjc-taller\"  id='av-masonry-1-item-5478479' data-av-masonry-item='5478479' class='av-masonry-entry isotope-item post-5478479 attachment type-attachment status-inherit hentry  av-masonry-item-with-image av-grid-img' title=\"cjc-taller\" alt=\"\"    itemprop=\"thumbnailUrl\" ><div class='av-inner-masonry-sizer'><\/div><figure class='av-inner-masonry main_color'><div class=\"av-masonry-outerimage-container\"><div class='av-masonry-image-container' style=\"background-image: url(https:\/\/boulder.earth\/wp-content\/uploads\/2022\/09\/cjc-workshop-705x503.jpg);\"  title=\"cjc-taller\" ><\/div><\/div><\/figure><\/a><!--end av-masonry entry--><a href=\"https:\/\/boulder.earth\/wp-content\/uploads\/2022\/09\/cjc-circle-969x1030.jpg\" data-srcset=\"https:\/\/boulder.earth\/wp-content\/uploads\/2022\/09\/cjc-circle-969x1030.jpg 969w, https:\/\/boulder.earth\/wp-content\/uploads\/2022\/09\/cjc-circle-282x300.jpg 282w, https:\/\/boulder.earth\/wp-content\/uploads\/2022\/09\/cjc-circle-768x816.jpg 768w, https:\/\/boulder.earth\/wp-content\/uploads\/2022\/09\/cjc-circle-11x12.jpg 11w, https:\/\/boulder.earth\/wp-content\/uploads\/2022\/09\/cjc-circle-664x705.jpg 664w, https:\/\/boulder.earth\/wp-content\/uploads\/2022\/09\/cjc-circle.jpg 1200w\" data-sizes=\"(max-width: 969px) 100vw, 969px\"  aria-label=\"imagen cjc-c\u00edrculo\"  id='av-masonry-1-item-5478480' data-av-masonry-item='5478480' class='av-masonry-entry isotope-item post-5478480 attachment type-attachment status-inherit hentry  av-masonry-item-with-image av-grid-img' title=\"cjc-c\u00edrculo\" alt=\"\"    itemprop=\"thumbnailUrl\" ><div class='av-inner-masonry-sizer'><\/div><figure class='av-inner-masonry main_color'><div class=\"av-masonry-outerimage-container\"><div class='av-masonry-image-container' style=\"background-image: url(https:\/\/boulder.earth\/wp-content\/uploads\/2022\/09\/cjc-circle-664x705.jpg);\"  title=\"cjc-c\u00edrculo\" ><\/div><\/div><\/figure><\/a><!--end av-masonry entry--><\/div><\/div><br \/>\n<section  class='av_textblock_section av-l7vzro32-0e404a2ca1c6c86f47c82043cdfde701'   itemscope=\"itemscope\" itemtype=\"https:\/\/schema.org\/BlogPosting\" itemprop=\"blogPost\" ><div class='avia_textblock'  itemprop=\"text\" ><p style=\"text-align: center;\"><em><span style=\"font-weight: 400;\">Taller del Colaborativo de Justicia Clim\u00e1tica del condado de Boulder, junio 2022<\/span><\/em><\/p>\n<\/div><\/section><br \/>\n\n<style type=\"text\/css\" data-created_by=\"avia_inline_auto\" id=\"style-css-av-4txxsczw-4739b62a8306a31f2049c3fabf432d40\">\n#top .hr.hr-invisible.av-4txxsczw-4739b62a8306a31f2049c3fabf432d40{\nheight:50px;\n}\n<\/style>\n<div  class='hr av-4txxsczw-4739b62a8306a31f2049c3fabf432d40 hr-invisible  avia-builder-el-5  el_after_av_textblock  el_before_av_masonry_gallery  avia-builder-el-last'><span class='hr-inner'><span class=\"hr-inner-style\"><\/span><\/span><\/div><br \/>\n<div id='av-masonry-2' class='av-masonry av-l7vztjcl-c94d1ff8f32005ed6519f6cf638c99c0 noHover av-fixed-size av-large-gap av-hover-overlay-active av-masonry-animation-active av-masonry-col-2 av-caption-always av-caption-style- av-masonry-gallery av-medium-columns-overwrite av-medium-columns-2 av-small-columns-overwrite av-small-columns-1 av-mini-columns-overwrite av-mini-columns-1' data-post_id=\"5478476\"><div class=\"av-masonry-container isotope av-js-disabled\"><div class='av-masonry-entry isotope-item av-masonry-item-no-image'><\/div><a href=\"https:\/\/boulder.earth\/wp-content\/uploads\/2022\/09\/faiths-for-climate-justice-1030x687.jpg\" data-srcset=\"https:\/\/boulder.earth\/wp-content\/uploads\/2022\/09\/faiths-for-climate-justice-1030x687.jpg 1030w, https:\/\/boulder.earth\/wp-content\/uploads\/2022\/09\/faiths-for-climate-justice-300x200.jpg 300w, https:\/\/boulder.earth\/wp-content\/uploads\/2022\/09\/faiths-for-climate-justice-768x512.jpg 768w, https:\/\/boulder.earth\/wp-content\/uploads\/2022\/09\/faiths-for-climate-justice-1536x1024.jpg 1536w, https:\/\/boulder.earth\/wp-content\/uploads\/2022\/09\/faiths-for-climate-justice-18x12.jpg 18w, https:\/\/boulder.earth\/wp-content\/uploads\/2022\/09\/faiths-for-climate-justice-1500x1000.jpg 1500w, https:\/\/boulder.earth\/wp-content\/uploads\/2022\/09\/faiths-for-climate-justice-705x470.jpg 705w, https:\/\/boulder.earth\/wp-content\/uploads\/2022\/09\/faiths-for-climate-justice.jpg 1600w\" data-sizes=\"(max-width: 1030px) 100vw, 1030px\"  aria-label=\"imagen creencias-por-la-justicia-clim\u00e1tica\"  id='av-masonry-2-item-5478482' data-av-masonry-item='5478482' class='av-masonry-entry isotope-item post-5478482 attachment type-attachment status-inherit hentry  av-masonry-item-with-image av-grid-img' title=\"creencias-por-la-justicia-clim\u00e1tica\" alt=\"\"    itemprop=\"thumbnailUrl\" ><div class='av-inner-masonry-sizer'><\/div><figure class='av-inner-masonry main_color'><div class=\"av-masonry-outerimage-container\"><div class='av-masonry-image-container' style=\"background-image: url(https:\/\/boulder.earth\/wp-content\/uploads\/2022\/09\/faiths-for-climate-justice-705x470.jpg);\"  title=\"creencias-por-la-justicia-clim\u00e1tica\" ><\/div><\/div><\/figure><\/a><!--end av-masonry entry--><a href=\"https:\/\/boulder.earth\/wp-content\/uploads\/2022\/09\/green-faith-posterbuild-1030x687.jpg\" data-srcset=\"https:\/\/boulder.earth\/wp-content\/uploads\/2022\/09\/green-faith-posterbuild-1030x687.jpg 1030w, https:\/\/boulder.earth\/wp-content\/uploads\/2022\/09\/green-faith-posterbuild-300x200.jpg 300w, https:\/\/boulder.earth\/wp-content\/uploads\/2022\/09\/green-faith-posterbuild-768x512.jpg 768w, https:\/\/boulder.earth\/wp-content\/uploads\/2022\/09\/green-faith-posterbuild-1536x1024.jpg 1536w, https:\/\/boulder.earth\/wp-content\/uploads\/2022\/09\/green-faith-posterbuild-18x12.jpg 18w, https:\/\/boulder.earth\/wp-content\/uploads\/2022\/09\/green-faith-posterbuild-1500x1000.jpg 1500w, https:\/\/boulder.earth\/wp-content\/uploads\/2022\/09\/green-faith-posterbuild-705x470.jpg 705w, https:\/\/boulder.earth\/wp-content\/uploads\/2022\/09\/green-faith-posterbuild.jpg 1600w\" data-sizes=\"(max-width: 1030px) 100vw, 1030px\"  aria-label=\"imagen verde-fe-posterbuild\"  id='av-masonry-2-item-5478481' data-av-masonry-item='5478481' class='av-masonry-entry isotope-item post-5478481 attachment type-attachment status-inherit hentry  av-masonry-item-with-image av-grid-img' title=\"construcci\u00f3n de carteles de fe verde\" alt=\"\"    itemprop=\"thumbnailUrl\" ><div class='av-inner-masonry-sizer'><\/div><figure class='av-inner-masonry main_color'><div class=\"av-masonry-outerimage-container\"><div class='av-masonry-image-container' style=\"background-image: url(https:\/\/boulder.earth\/wp-content\/uploads\/2022\/09\/green-faith-posterbuild-705x470.jpg);\"  title=\"construcci\u00f3n de carteles de fe verde\" ><\/div><\/div><\/figure><\/a><!--end av-masonry entry--><\/div><\/div><br \/>\n<section  class='av_textblock_section av-l7vzsb1b-6f3e4954f80b1fc439e0b4c86b493281'   itemscope=\"itemscope\" itemtype=\"https:\/\/schema.org\/BlogPosting\" itemprop=\"blogPost\" ><div class='avia_textblock'  itemprop=\"text\" ><p style=\"text-align: center;\"><em><span style=\"font-weight: 400;\">Vigilia m\u00f3vil y letreros art\u00edsticos de GreenFaith del condado de Boulder, septiembre 2021<\/span><\/em><\/p>\n<\/div><\/section><br \/>\n\n<style type=\"text\/css\" data-created_by=\"avia_inline_auto\" id=\"style-css-av-3asv0w98-32b2f1863958bc7baf99249a0c35a7c2\">\n#top .hr.hr-invisible.av-3asv0w98-32b2f1863958bc7baf99249a0c35a7c2{\nheight:50px;\n}\n<\/style>\n<div  class='hr av-3asv0w98-32b2f1863958bc7baf99249a0c35a7c2 hr-invisible  avia-builder-el-8  el_after_av_textblock  el_before_av_image'><span class='hr-inner'><span class=\"hr-inner-style\"><\/span><\/span><\/div><br \/>\n\n<style type=\"text\/css\" data-created_by=\"avia_inline_auto\" id=\"style-css-av-l7vzv6mw-44e64d57082b0b81e6f5b4323d776210\">\n.avia-image-container.av-l7vzv6mw-44e64d57082b0b81e6f5b4323d776210 img.avia_image{\nbox-shadow:none;\n}\n.avia-image-container.av-l7vzv6mw-44e64d57082b0b81e6f5b4323d776210 .av-image-caption-overlay-center{\ncolor:#ffffff;\n}\n<\/style>\n<div  class='avia-image-container av-l7vzv6mw-44e64d57082b0b81e6f5b4323d776210 av-styling- avia-align-center  avia-builder-el-9  el_after_av_hr  el_before_av_textblock'   itemprop=\"image\" itemscope=\"itemscope\" itemtype=\"https:\/\/schema.org\/ImageObject\" ><div class=\"avia-image-container-inner\"><div class=\"avia-image-overlay-wrap\"><img decoding=\"async\" fetchpriority=\"high\" class='wp-image-5478483 avia-img-lazy-loading-not-5478483 avia_image' src=\"https:\/\/boulder.earth\/wp-content\/uploads\/2022\/09\/farming-food-protest-1030x687.jpg\" alt='' title='agricultura-alimentos-protesta'  height=\"687\" width=\"1030\"  itemprop=\"thumbnailUrl\" srcset=\"https:\/\/boulder.earth\/wp-content\/uploads\/2022\/09\/farming-food-protest-1030x687.jpg 1030w, https:\/\/boulder.earth\/wp-content\/uploads\/2022\/09\/farming-food-protest-300x200.jpg 300w, https:\/\/boulder.earth\/wp-content\/uploads\/2022\/09\/farming-food-protest-768x512.jpg 768w, https:\/\/boulder.earth\/wp-content\/uploads\/2022\/09\/farming-food-protest-1536x1024.jpg 1536w, https:\/\/boulder.earth\/wp-content\/uploads\/2022\/09\/farming-food-protest-18x12.jpg 18w, https:\/\/boulder.earth\/wp-content\/uploads\/2022\/09\/farming-food-protest-1500x1000.jpg 1500w, https:\/\/boulder.earth\/wp-content\/uploads\/2022\/09\/farming-food-protest-705x470.jpg 705w, https:\/\/boulder.earth\/wp-content\/uploads\/2022\/09\/farming-food-protest.jpg 1600w\" sizes=\"(max-width: 1030px) 100vw, 1030px\" \/><\/div><\/div><\/div><br \/>\n<section  class='av_textblock_section av-l7vzu6e2-e2443a472cc0fd0dd76dd4a9616eabbf'   itemscope=\"itemscope\" itemtype=\"https:\/\/schema.org\/BlogPosting\" itemprop=\"blogPost\" ><div class='avia_textblock'  itemprop=\"text\" ><p style=\"text-align: center;\"><em><span style=\"font-weight: 400;\">Protesta de VOZ Longmont a favor de los alimentos saludables en el Distrito Escolar del Valle de St. Vrain, mayo 2022<\/span><\/em><\/p>\n<\/div><\/section><br \/>\n\n<style type=\"text\/css\" data-created_by=\"avia_inline_auto\" id=\"style-css-av-29tjeiq4-8ef3154f75028b8282774190ceff282a\">\n#top .hr.hr-invisible.av-29tjeiq4-8ef3154f75028b8282774190ceff282a{\nheight:50px;\n}\n<\/style>\n<div  class='hr av-29tjeiq4-8ef3154f75028b8282774190ceff282a hr-invisible  avia-builder-el-11  el_after_av_textblock  el_before_av_textblock'><span class='hr-inner'><span class=\"hr-inner-style\"><\/span><\/span><\/div><br \/>\n<section  class='av_textblock_section av-l7vzy3ia-5849bdfbf570babadd49106d4ff58a86'   itemscope=\"itemscope\" itemtype=\"https:\/\/schema.org\/BlogPosting\" itemprop=\"blogPost\" ><div class='avia_textblock'  itemprop=\"text\" ><h2 style=\"text-align: center;\"><span style=\"font-weight: 400;\">Grupos locales de alimentos y agricultura que estamos mapeando<\/span><\/h2>\n<p><span style=\"font-weight: 400;\">OUR Center, 350 Comit\u00e9 de Agricultura Regenerativa y Sistemas Alimentarios Locales de Colorado, Boulder Food Rescue, Community Food Share, DryLands Agro-Ecology Research, Growing Gardens, Longmont Food Rescue, Mad Ag, Ollin Farms Project 95, Falling Fruit, Garden to Table, Lending a Hand, Roots to Sol, Undocuhub, EFAA, Boulder County Farmers Market, Buff Pantry, Eco-Cycle Community Carbon Farming Campaign, Farm Eats Direct, Harvest of Hope Pantry, MASA Seed Foundation, Restore Colorado\/Zero Foodprint, Yellow Barn Farm, Foothills Farm Collaborative, Kilt Farm, Seed to Table, School Gardens, 63rd St Farm, McCauley Family Farm, Colorado Coalition to Enhance Working Lands, Food &amp; Water Watch, Treehouse Farm Collective, The Golden Hoof, Uproot, Harvest of All First Nations, Flatirons Foodshed Partnership, Flatirons Young Farmers Coalition, <\/span><span style=\"font-weight: 400;\">Rocky Mountain Farmers Union, Casa de la Esperanza, Slow Opportunities for Investing Locally, Boulder Valley and Longmont Conservation Districts, St. Vrain and Left Hand Water Conservancy District, Community Fruit Rescue, Natural Capital Solutions, CSPC Voz Longmont<\/span><\/p>\n<\/div><\/section><\/p><\/div>","protected":false},"excerpt":{"rendered":"<p>Boulder dot Earth ha estado avanzando a trav\u00e9s de la agitaci\u00f3n de los \u00faltimos dos a\u00f1os. Hace un a\u00f1o, comenz\u00f3 un nuevo cap\u00edtulo cuando naci\u00f3 BoCo Climate Justice Hive.<\/p>","protected":false},"author":1,"featured_media":5478478,"comment_status":"closed","ping_status":"open","sticky":false,"template":"","format":"standard","meta":{"footnotes":""},"categories":[322],"tags":[],"class_list":["post-5478476","post","type-post","status-publish","format-standard","has-post-thumbnail","hentry","category-blog"],"_links":{"self":[{"href":"https:\/\/boulder.earth\/es\/wp-json\/wp\/v2\/posts\/5478476","targetHints":{"allow":["GET"]}}],"collection":[{"href":"https:\/\/boulder.earth\/es\/wp-json\/wp\/v2\/posts"}],"about":[{"href":"https:\/\/boulder.earth\/es\/wp-json\/wp\/v2\/types\/post"}],"author":[{"embeddable":true,"href":"https:\/\/boulder.earth\/es\/wp-json\/wp\/v2\/users\/1"}],"replies":[{"embeddable":true,"href":"https:\/\/boulder.earth\/es\/wp-json\/wp\/v2\/comments?post=5478476"}],"version-history":[{"count":3,"href":"https:\/\/boulder.earth\/es\/wp-json\/wp\/v2\/posts\/5478476\/revisions"}],"predecessor-version":[{"id":5478486,"href":"https:\/\/boulder.earth\/es\/wp-json\/wp\/v2\/posts\/5478476\/revisions\/5478486"}],"wp:featuredmedia":[{"embeddable":true,"href":"https:\/\/boulder.earth\/es\/wp-json\/wp\/v2\/media\/5478478"}],"wp:attachment":[{"href":"https:\/\/boulder.earth\/es\/wp-json\/wp\/v2\/media?parent=5478476"}],"wp:term":[{"taxonomy":"category","embeddable":true,"href":"https:\/\/boulder.earth\/es\/wp-json\/wp\/v2\/categories?post=5478476"},{"taxonomy":"post_tag","embeddable":true,"href":"https:\/\/boulder.earth\/es\/wp-json\/wp\/v2\/tags?post=5478476"}],"curies":[{"name":"wp","href":"https:\/\/api.w.org\/{rel}","templated":true}]}}