{"id":5479795,"date":"2022-12-19T10:59:15","date_gmt":"2022-12-19T17:59:15","guid":{"rendered":"https:\/\/boulder.earth\/?p=5479795"},"modified":"2023-03-05T11:47:22","modified_gmt":"2023-03-05T18:47:22","slug":"happy-solstice","status":"publish","type":"post","link":"https:\/\/boulder.earth\/es\/happy-solstice\/","title":{"rendered":"Feliz Solsticio"},"content":{"rendered":"<div  class='flex_column av-26re7mur-5933bdf6160e955f0fdd6da75827ddb0 av_one_full  avia-builder-el-0  el_before_av_image  avia-builder-el-first  first flex_column_div'     ><section  class='av_textblock_section av-lbr5kusy-aa5bd2948425f7ed0a56dc52aecbbeb3'   itemscope=\"itemscope\" itemtype=\"https:\/\/schema.org\/BlogPosting\" itemprop=\"blogPost\" ><div class='avia_textblock'  itemprop=\"text\" ><h1>\u00a1El Hive de Justicia Clim\u00e1tica de BoCo les desea un feliz solsticio!<\/h1>\n<p><span style=\"font-weight: 400;\">Los planetas y las estrellas aun siguen constantes en sus cursos y se sigue cumpliendo la promesa de una profunda y duradera obscuridad seguida por la lenta reaparici\u00f3n de la luz. \u00a1Qu\u00e9 maravilloso mundo en el que vivimos, al que consideramos nuestro hogar!<\/span><\/p>\n<p><span style=\"font-weight: 400;\">Que encuentren un tiempo para existir con la obscuridad, apagar las luces el\u00e9ctricas, encender una vela o sentarse bajo el brillo de las estrellas, y escuchar lo que las semillas llenas de sue\u00f1os quieren plantar para el a\u00f1o que viene. \u00a1Brindemos por el mundo m\u00e1s hermoso que nuestros corazones puedan imaginar<\/span>!<a href=\"#charles-e\">*<\/a><\/p>\n<p>Ha habido y seguir\u00e1 habiendo much\u00edsimas iniciativas locales maravillosas en beneficio de nuestro planeta y sus habitantes (ver el calendario comunitario, <a href=\"https:\/\/boulder.earth\/es\/calendar\/\">Aqu\u00ed<\/a>. Y este mes, Boulder fue el hu\u00e9sped de activistas, defensores y l\u00edderes de todo el mundo, ya que la Universidad de Colorado organiz\u00f3 la Cumbre Mundial Clim\u00e1tica de la Divisi\u00f3n de Derechos Humanos de la ONU: Aqu\u00ed, ahora <a href=\"https:\/\/www.colorado.edu\/globalclimatesummit\/\">(Right Here Right Now)<\/a>.<\/p>\n<p><a href=\"https:\/\/boulder.earth\/wp-content\/uploads\/2022\/12\/GloballClimateSummit-feature.jpg\"><img loading=\"lazy\" decoding=\"async\" class=\"alignright wp-image-5479810 size-medium\" src=\"https:\/\/boulder.earth\/wp-content\/uploads\/2022\/12\/GloballClimateSummit-feature-300x184.jpg\" alt=\"\" width=\"300\" height=\"184\" srcset=\"https:\/\/boulder.earth\/wp-content\/uploads\/2022\/12\/GloballClimateSummit-feature-300x184.jpg 300w, https:\/\/boulder.earth\/wp-content\/uploads\/2022\/12\/GloballClimateSummit-feature-1030x632.jpg 1030w, https:\/\/boulder.earth\/wp-content\/uploads\/2022\/12\/GloballClimateSummit-feature-768x471.jpg 768w, https:\/\/boulder.earth\/wp-content\/uploads\/2022\/12\/GloballClimateSummit-feature-18x12.jpg 18w, https:\/\/boulder.earth\/wp-content\/uploads\/2022\/12\/GloballClimateSummit-feature-705x433.jpg 705w, https:\/\/boulder.earth\/wp-content\/uploads\/2022\/12\/GloballClimateSummit-feature.jpg 1123w\" sizes=\"auto, (max-width: 300px) 100vw, 300px\" \/><\/a><\/p>\n<p>Varios de nosotros, miembros del <a href=\"https:\/\/boulder.earth\/es\/about\/\">BoCo Climate Justice Hive<\/a> pudimos asistir y recibimos gran inspiraci\u00f3n y energ\u00eda de las voces y mensajes que escuchamos. M\u00e1s de 4,300 personas asistieron, de manera presencial y virtual, provenientes de 99 pa\u00edses. Los panelistas y los discursos se enfocaron en personas del hemisferio sur, ind\u00edgenas, j\u00f3venes y mujeres panelistas. La crisis clim\u00e1tica es un problema relacionado con los derechos humanos, y cuando se ve desde esa perspectiva, se hacen visibles nuevas causas y nuevas soluciones.<\/p>\n<p>Vea la cobertura del evento, <a href=\"https:\/\/www.colorado.edu\/today\/right-here-right-now-global-climate-summit\" target=\"_blank\" rel=\"noopener\">Aqu\u00ed<\/a>. Y las grabaciones se encuentran <a href=\"https:\/\/www.colorado.edu\/globalclimatesummit\/journalists\/watch-download-past-panels\" target=\"_blank\" rel=\"noopener\">Aqu\u00ed<\/a> . Todas las conversaciones y paneles son impactantes. \u00a1Disfr\u00fatenlos!<\/p>\n<h3>Partes favoritas del personal:<\/h3>\n<p>Lodi Siefer, Directora Adjunta del Hive: Sesi\u00f3n del tercer d\u00eda sobre <a href=\"https:\/\/vimeo.com\/773973411#t=12m9s\" target=\"_blank\" rel=\"noopener\">Soluciones clim\u00e1ticas y sabidur\u00eda ancestral<\/a>. Robin Wall Kimmerer, autora de Tejiendo Juncos <a href=\"https:\/\/www.robinwallkimmerer.com\/books\" target=\"_blank\" rel=\"noopener\"><i>(Braiding Sweetgrass)<\/i><\/a> (recomiendo much\u00edsimo este fascinante libro), fue parte del panel que habl\u00f3 sobre c\u00f3mo la sabidur\u00eda y t\u00e9cnicas ind\u00edgenas no funcionar\u00e1n si no se implementan tambi\u00e9n los valores ind\u00edgenas. Los valores del respeto, pedir permiso, escuchar las respuestas, reciprocidad y formar relaciones nos invitan a hacer un cambio y pasar de ser una cultura extractiva y soberbia, a una cultura de pertenencia e interrelaciones. \u00a1Que as\u00ed sea!<\/p>\n<p>Mark Steele, Director Creativo: Estoy de acuerdo con Lodi sobre la sesi\u00f3n sobre Sabidur\u00eda Tradicional. Pero, otro genial segmento fue el <strong>de entender el cambio clim\u00e1tico como un problema de derechos humanos<\/strong> , donde Kera Sherwood -O\u2019Regan, de Nueva Zelandia, abord\u00f3 la intersecci\u00f3n de los derechos humanos y el cambio clim\u00e1tico con una tabla de analog\u00edas, donde explicaba desde qu\u00e9 perspectiva necesitamos ver el cambio clim\u00e1tico al examinar sus causas fundamentales, o las bases o soportes, que lo provocan, en vez de solamente ver lo que est\u00e1 en la superficie. Hagan clic en <a href=\"https:\/\/vimeo.com\/773564933\" target=\"_blank\" rel=\"noopener\">RELOJ <\/a><a href=\"https:\/\/vimeo.com\/773564933\" target=\"_blank\" rel=\"noopener\">https:\/\/vimeo.com\/773564933<\/a><span style=\"font-weight: 400;\"> y salten al minuto 1:52.<\/span><\/p>\n<p>Clementine Clyker, Pollinator: Discurso principal del d\u00eda 1 con Sheila Watt-Cloutier. Fue maravilloso y muy revelador escuchar desde la perspectiva de una mujer inuit que se enfrenta a la p\u00e9rdida de hielo en el \u00c1rtico. Abord\u00f3 los impactos que enfrentan los pueblos inuit como resultado del cambio clim\u00e1tico y enfatiz\u00f3 la importancia, y la falta actual, del rostro humano en los medios con respecto al cambio clim\u00e1tico.\u00a0 <a href=\"https:\/\/vimeo.com\/772529583#t=19m13s\" target=\"_blank\" rel=\"noopener\">RELOJ<\/a><\/p>\n<\/div><\/section><br \/>\n<section  id=\"charles-e\"  class='av_textblock_section av-lbr5lkac-082827ed5c249ec90c09e15ea38dfd7d'   itemscope=\"itemscope\" itemtype=\"https:\/\/schema.org\/BlogPosting\" itemprop=\"blogPost\" ><div class='avia_textblock'  itemprop=\"text\" ><p><span style=\"font-weight: 400;\">*Charles Eisenstein: <\/span><a href=\"https:\/\/charleseisenstein.org\/books\/the-more-beautiful-world-our-hearts-know-is-possible\/\"><i><span style=\"font-weight: 400;\">El mundo m\u00e1s hermoso que conocen nuestros corazones es posible<\/span><\/i><\/a><span style=\"font-weight: 400;\">\u00a0<\/span><\/p>\n<\/div><\/section><\/p><\/div>\n<style type=\"text\/css\" data-created_by=\"avia_inline_auto\" id=\"style-css-av-lbv3tsxq-f20aabd80d3425c1dd57f54b72405edc\">\n.avia-image-container.av-lbv3tsxq-f20aabd80d3425c1dd57f54b72405edc img.avia_image{\nbox-shadow:none;\n}\n.avia-image-container.av-lbv3tsxq-f20aabd80d3425c1dd57f54b72405edc .av-image-caption-overlay-center{\ncolor:#ffffff;\n}\n<\/style>\n<div  class='avia-image-container av-lbv3tsxq-f20aabd80d3425c1dd57f54b72405edc av-styling- avia-align-center  avia-builder-el-3  el_after_av_one_full  el_before_av_textblock'   itemprop=\"image\" itemscope=\"itemscope\" itemtype=\"https:\/\/schema.org\/ImageObject\" ><div class=\"avia-image-container-inner\"><div class=\"avia-image-overlay-wrap\"><img decoding=\"async\" fetchpriority=\"high\" class='wp-image-5479818 avia-img-lazy-loading-not-5479818 avia_image' src=\"https:\/\/boulder.earth\/wp-content\/uploads\/2022\/12\/cu-divestment-march-1030x773.jpg\" alt='' title='cu-desinversi\u00f3n-marcha'  height=\"773\" width=\"1030\"  itemprop=\"thumbnailUrl\" srcset=\"https:\/\/boulder.earth\/wp-content\/uploads\/2022\/12\/cu-divestment-march-1030x773.jpg 1030w, https:\/\/boulder.earth\/wp-content\/uploads\/2022\/12\/cu-divestment-march-300x225.jpg 300w, https:\/\/boulder.earth\/wp-content\/uploads\/2022\/12\/cu-divestment-march-768x576.jpg 768w, https:\/\/boulder.earth\/wp-content\/uploads\/2022\/12\/cu-divestment-march-16x12.jpg 16w, https:\/\/boulder.earth\/wp-content\/uploads\/2022\/12\/cu-divestment-march-705x529.jpg 705w, https:\/\/boulder.earth\/wp-content\/uploads\/2022\/12\/cu-divestment-march.jpg 1200w\" sizes=\"(max-width: 1030px) 100vw, 1030px\" \/><\/div><\/div><\/div><\/p>\n<section  id=\"charles-e\"  class='av_textblock_section av-lbv5iof6-2f5cc45141a1239a9400090629333cce'   itemscope=\"itemscope\" itemtype=\"https:\/\/schema.org\/BlogPosting\" itemprop=\"blogPost\" ><div class='avia_textblock'  itemprop=\"text\" ><p style=\"text-align: center;\"><em>\u00a1\u00a1\u00a1Ya estamos aqu\u00ed!!! Huelga de desinversi\u00f3n de combustibles f\u00f3siles en CU, s\u00e1bado de cumbre clim\u00e1tica.<\/em><\/p>\n<\/div><\/section>","protected":false},"excerpt":{"rendered":"<p> Boulder fue el anfitri\u00f3n de activistas, defensores y l\u00edderes de todo el mundo cuando la Universidad de Colorado fue sede de la Cumbre Mundial sobre el Clima de los Derechos Humanos de la ONU: aqu\u00ed y ahora.<\/p>","protected":false},"author":1,"featured_media":5479810,"comment_status":"closed","ping_status":"open","sticky":false,"template":"","format":"standard","meta":{"footnotes":""},"categories":[322,358,1],"tags":[],"class_list":["post-5479795","post","type-post","status-publish","format-standard","has-post-thumbnail","hentry","category-blog","category-events","category-uncategorized"],"_links":{"self":[{"href":"https:\/\/boulder.earth\/es\/wp-json\/wp\/v2\/posts\/5479795","targetHints":{"allow":["GET"]}}],"collection":[{"href":"https:\/\/boulder.earth\/es\/wp-json\/wp\/v2\/posts"}],"about":[{"href":"https:\/\/boulder.earth\/es\/wp-json\/wp\/v2\/types\/post"}],"author":[{"embeddable":true,"href":"https:\/\/boulder.earth\/es\/wp-json\/wp\/v2\/users\/1"}],"replies":[{"embeddable":true,"href":"https:\/\/boulder.earth\/es\/wp-json\/wp\/v2\/comments?post=5479795"}],"version-history":[{"count":13,"href":"https:\/\/boulder.earth\/es\/wp-json\/wp\/v2\/posts\/5479795\/revisions"}],"predecessor-version":[{"id":5480443,"href":"https:\/\/boulder.earth\/es\/wp-json\/wp\/v2\/posts\/5479795\/revisions\/5480443"}],"wp:featuredmedia":[{"embeddable":true,"href":"https:\/\/boulder.earth\/es\/wp-json\/wp\/v2\/media\/5479810"}],"wp:attachment":[{"href":"https:\/\/boulder.earth\/es\/wp-json\/wp\/v2\/media?parent=5479795"}],"wp:term":[{"taxonomy":"category","embeddable":true,"href":"https:\/\/boulder.earth\/es\/wp-json\/wp\/v2\/categories?post=5479795"},{"taxonomy":"post_tag","embeddable":true,"href":"https:\/\/boulder.earth\/es\/wp-json\/wp\/v2\/tags?post=5479795"}],"curies":[{"name":"wp","href":"https:\/\/api.w.org\/{rel}","templated":true}]}}