{"id":5480439,"date":"2023-03-05T11:37:42","date_gmt":"2023-03-05T18:37:42","guid":{"rendered":"https:\/\/boulder.earth\/?p=5480439"},"modified":"2023-03-05T11:37:42","modified_gmt":"2023-03-05T18:37:42","slug":"spotlight-on-lobby-days","status":"publish","type":"post","link":"https:\/\/boulder.earth\/es\/spotlight-on-lobby-days\/","title":{"rendered":"Foco en los d\u00edas de lobby"},"content":{"rendered":"<div  class='flex_column av-av_one_full-7714eba142aeda1f8b5272a3c372b279 av_one_full  avia-builder-el-0  avia-builder-el-no-sibling  first flex_column_div'     ><p>\n<style type=\"text\/css\" data-created_by=\"avia_inline_auto\" id=\"style-css-av-levqi6j2-e6f07b00f6b5780cd3f84bebb0af796e\">\n.avia-image-container.av-levqi6j2-e6f07b00f6b5780cd3f84bebb0af796e img.avia_image{\nbox-shadow:none;\n}\n.avia-image-container.av-levqi6j2-e6f07b00f6b5780cd3f84bebb0af796e .av-image-caption-overlay-center{\ncolor:#ffffff;\n}\n<\/style>\n<div  class='avia-image-container av-levqi6j2-e6f07b00f6b5780cd3f84bebb0af796e av-styling- avia-align-center  avia-builder-el-1  el_before_av_textblock  avia-builder-el-first'   itemprop=\"image\" itemscope=\"itemscope\" itemtype=\"https:\/\/schema.org\/ImageObject\" ><div class=\"avia-image-container-inner\"><div class=\"avia-image-overlay-wrap\"><img decoding=\"async\" fetchpriority=\"high\" class='wp-image-5480440 avia-img-lazy-loading-not-5480440 avia_image' src=\"https:\/\/boulder.earth\/wp-content\/uploads\/2023\/03\/Spotlight-Lobby-Days-es.jpg\" alt='' title='Spotlight-Lobby-Days'  height=\"439\" width=\"797\"  itemprop=\"thumbnailUrl\" srcset=\"https:\/\/boulder.earth\/wp-content\/uploads\/2023\/03\/Spotlight-Lobby-Days-es.jpg 797w, https:\/\/boulder.earth\/wp-content\/uploads\/2023\/03\/Spotlight-Lobby-Days-es-300x181.jpg 300w, https:\/\/boulder.earth\/wp-content\/uploads\/2023\/03\/Spotlight-Lobby-Days-es-768x463.jpg 768w, https:\/\/boulder.earth\/wp-content\/uploads\/2023\/03\/Spotlight-Lobby-Days-es-18x12.jpg 18w, https:\/\/boulder.earth\/wp-content\/uploads\/2023\/03\/Spotlight-Lobby-Days-es-705x425.jpg 705w\" sizes=\"(max-width: 797px) 100vw, 797px\" \/><\/div><\/div><\/div><br \/>\n<section  class='av_textblock_section av-levqh1k7-6e7d116701c8af1df9440fbc1770e5bb'   itemscope=\"itemscope\" itemtype=\"https:\/\/schema.org\/BlogPosting\" itemprop=\"blogPost\" ><div class='avia_textblock'  itemprop=\"text\" ><p><span style=\"font-weight: 400;\">Estos d\u00edas, hay much\u00edsimas formas en que las personas act\u00faan a favor del clima, la justicia social y clim\u00e1tica. Una forma de actuar, es decirles a los legisladores las cosas que nos importan, y una forma de amplificar ese mensaje, \u00a1es ir en grupo con otras personas al capitolio! De hecho, el cabildeo pol\u00edtico, que tiene una connotaci\u00f3n negativa, es talvez el m\u00e9todo m\u00e1s importante, que se pasa por alto, para fomentar cambios, y desafortunadamente, casi siempre est\u00e1 fuera de nuestra rutina y comodidad.<\/span><\/p>\n<h3><span style=\"font-weight: 400;\">\u00a1Los legisladores est\u00e1n en sesi\u00f3n y ha habido una oleada de d\u00edas de cabildeo!\u00a0<\/span><\/h3>\n<p><span style=\"font-weight: 400;\">Semana del Cabildeo Clim\u00e1tico con <\/span><a href=\"https:\/\/secure.ngpvan.com\/N6vh_AJ5X021GsAiUhx8lA2?emci=716b3472-2cae-ed11-994d-00224832eb73&amp;emdi=faeac29a-f0ae-ed11-994d-00224832eb73&amp;ceid=3956096\" target=\"_blank\" rel=\"noopener\"><span style=\"font-weight: 400;\">350 colorado<\/span><\/a><span style=\"font-weight: 400;\"> 2\/5-2\/10<\/span><\/p>\n<p><span style=\"font-weight: 400;\">Semana de cabildeo de Recicla Colorado con <\/span><a href=\"https:\/\/ecocycle.org\/our-programs\/zero-waste-colorado\/statewide-campaigns\/\" target=\"_blank\" rel=\"noopener\"><span style=\"font-weight: 400;\">Ecociclo<\/span><\/a><span style=\"font-weight: 400;\"> 2\/22-2\/25<\/span><\/p>\n<p><a href=\"https:\/\/ne-np.facebook.com\/greenfaithboulder\/\" target=\"_blank\" rel=\"noopener\"><span style=\"font-weight: 400;\">Condado de GreenFaith Boulder<\/span><\/a><span style=\"font-weight: 400;\"> estuvo presente en el d\u00eda del cabildeo clim\u00e1tico religioso con <\/span><a href=\"https:\/\/www.togethercolorado.org\/take-action\/events\/\" target=\"_blank\" rel=\"noopener\"><span style=\"font-weight: 400;\">Together Colorado<\/span><\/a><span style=\"font-weight: 400;\"> y <\/span><a href=\"https:\/\/www.facebook.com\/COJewishClimateAction\/\" target=\"_blank\" rel=\"noopener\"><span style=\"font-weight: 400;\">Colorado Jewish Climate Action<\/span><\/a><span style=\"font-weight: 400;\"> el 28\/2<\/span><\/p>\n<p><span style=\"font-weight: 400;\">\u00bfNunca ha participado en el cabildeo? \u00a1No tenga miedo! Puede ser interesante, divertido y gratificante. <\/span><a href=\"https:\/\/350colorado.org\/350co-climate-lobby-day-constituent-lobbyists-urge-legislators-to-support-key-bills\/\" target=\"_blank\" rel=\"noopener\"><span style=\"font-weight: 400;\">Aqu\u00ed<\/span><\/a><span style=\"font-weight: 400;\">.<\/span><\/p>\n<h3><span style=\"font-weight: 400;\">\u00a1Todav\u00eda no es demasiado tarde!\u00a0<\/span><\/h3>\n<p><span style=\"font-weight: 400;\">El <\/span><b>9 de marzo<\/b><span style=\"font-weight: 400;\">, \u00fanase a los esfuerzos de justicia clim\u00e1tica de <\/span><a href=\"https:\/\/hungerfreecolorado.org\/\" target=\"_blank\" rel=\"noopener\"><span style=\"font-weight: 400;\">Hunger Free Colorado<\/span><\/a><span style=\"font-weight: 400;\"> el d\u00eda que har\u00e1n cabildeo pol\u00edtico para abogar por leyes en contra del hambre. Se ofrecer\u00e1 comida, guarder\u00eda infantil e interpretaci\u00f3n en ingl\u00e9s y espa\u00f1ol. Inscr\u00edbase <\/span><a href=\"https:\/\/hungerfreecolorado.salsalabs.org\/CapitolDay2023\/index.html\" target=\"_blank\" rel=\"noopener\"><span style=\"font-weight: 400;\">Aqu\u00ed<\/span><\/a><span style=\"font-weight: 400;\">.<\/span><\/p>\n<p><span style=\"font-weight: 400;\">Y <\/span><b>18 al 20 de marzo<\/b><span style=\"font-weight: 400;\"> se llevar\u00e1 a cabo la <\/span><a href=\"https:\/\/www.latinoadvocacyday.com\/\" target=\"_blank\" rel=\"noopener\"><span style=\"font-weight: 400;\">Decimos\u00e9tima Celebraci\u00f3n Anual del D\u00eda de la Defensor\u00eda Latina<\/span><\/a><span style=\"font-weight: 400;\">. Inscr\u00edbase <\/span><a href=\"https:\/\/secure.everyaction.com\/CpMfZUMAd02UbN5RQT1bXw2\" target=\"_blank\" rel=\"noopener\"><span style=\"font-weight: 400;\">Aqu\u00ed<\/span><\/a><span style=\"font-weight: 400;\">.<\/span><\/p>\n<p><span style=\"font-weight: 400;\">\u00bfSabe si hay otros eventos que no se hayan mencionado aqu\u00ed o en nuestro <\/span><a href=\"https:\/\/boulder.earth\/es\/calendar\/\"><span style=\"font-weight: 400;\">calendario comunitario<\/span><\/a><span style=\"font-weight: 400;\">? \u00a1Por favor, h\u00e1ganoslo saber!<\/span><\/p>\n<\/div><\/section><\/p><\/div>","protected":false},"excerpt":{"rendered":"<p>Hay tantas formas en que las personas act\u00faan en nombre del clima, la justicia social y la justicia clim\u00e1tica en estos d\u00edas. \u00a1Una forma es decirle a los legisladores lo que le importa y una forma de amplificar ese mensaje es hacerlo con grupos de personas en persona en el capitolio!<\/p>","protected":false},"author":1,"featured_media":5480440,"comment_status":"closed","ping_status":"open","sticky":false,"template":"","format":"standard","meta":{"footnotes":""},"categories":[3,322,358],"tags":[],"class_list":["post-5480439","post","type-post","status-publish","format-standard","has-post-thumbnail","hentry","category-actions","category-blog","category-events"],"_links":{"self":[{"href":"https:\/\/boulder.earth\/es\/wp-json\/wp\/v2\/posts\/5480439","targetHints":{"allow":["GET"]}}],"collection":[{"href":"https:\/\/boulder.earth\/es\/wp-json\/wp\/v2\/posts"}],"about":[{"href":"https:\/\/boulder.earth\/es\/wp-json\/wp\/v2\/types\/post"}],"author":[{"embeddable":true,"href":"https:\/\/boulder.earth\/es\/wp-json\/wp\/v2\/users\/1"}],"replies":[{"embeddable":true,"href":"https:\/\/boulder.earth\/es\/wp-json\/wp\/v2\/comments?post=5480439"}],"version-history":[{"count":2,"href":"https:\/\/boulder.earth\/es\/wp-json\/wp\/v2\/posts\/5480439\/revisions"}],"predecessor-version":[{"id":5480442,"href":"https:\/\/boulder.earth\/es\/wp-json\/wp\/v2\/posts\/5480439\/revisions\/5480442"}],"wp:featuredmedia":[{"embeddable":true,"href":"https:\/\/boulder.earth\/es\/wp-json\/wp\/v2\/media\/5480440"}],"wp:attachment":[{"href":"https:\/\/boulder.earth\/es\/wp-json\/wp\/v2\/media?parent=5480439"}],"wp:term":[{"taxonomy":"category","embeddable":true,"href":"https:\/\/boulder.earth\/es\/wp-json\/wp\/v2\/categories?post=5480439"},{"taxonomy":"post_tag","embeddable":true,"href":"https:\/\/boulder.earth\/es\/wp-json\/wp\/v2\/tags?post=5480439"}],"curies":[{"name":"wp","href":"https:\/\/api.w.org\/{rel}","templated":true}]}}