{"id":5480962,"date":"2023-04-15T05:51:16","date_gmt":"2023-04-15T11:51:16","guid":{"rendered":"https:\/\/boulder.earth\/?p=5480962"},"modified":"2023-04-16T19:01:45","modified_gmt":"2023-04-17T01:01:45","slug":"earth-justice-week-2023","status":"publish","type":"post","link":"https:\/\/boulder.earth\/es\/earth-justice-week-2023\/","title":{"rendered":"Semana de la Justicia de la Tierra 2023"},"content":{"rendered":"<div  class='flex_column av-izwauooy-e8f512182032e7f25f0d77272e3a33d5 av_one_full  avia-builder-el-0  el_before_av_one_third  avia-builder-el-first  first flex_column_div'     ><section  class='av_textblock_section av-lghvp9k7-53bfe69a9d5f8219d4ef33427136c8ec'   itemscope=\"itemscope\" itemtype=\"https:\/\/schema.org\/BlogPosting\" itemprop=\"blogPost\" ><div class='avia_textblock'  itemprop=\"text\" ><h1><span style=\"font-weight: 400;\">Semana de la Justicia de la Tierra 2023<\/span><\/h1>\n<p>Ya ha pasado m\u00e1s de un a\u00f1o desde que Boulder.Earth y la Universidad de Naropa se unieron para crear el <a href=\"https:\/\/boulder.earth\/es\/about\/\">Hive de Justicia de Clim\u00e1tica del condado de Boulder<\/a>, un modelo de justicia clim\u00e1tica colaborativa que es verdaderamente singular. Por medio de esta alianza, intentamos darle el poder a las generaciones actuales y del futuro, para que construyan un mundo m\u00e1s resiliente, justo y equitativo que sea conveniente para todos.<\/p>\n<p>Este mes, la Universidad de Naropa tiene la lista m\u00e1s grande de eventos del D\u00eda de la Tierra en Boulder, as\u00ed que no te los querr\u00e1s perder. Aqu\u00ed resaltamos algunos de los eventos de la <a href=\"https:\/\/www.earthjusticeweek.org\" target=\"_blank\" rel=\"noopener\">Semana de la Justicia de la Tierra<\/a>:<\/p>\n<\/div><\/section><\/div>\n<div  class='flex_column av-1qctefeq-05153d27a24f18252787cfb684dfb4c5 av_one_third  avia-builder-el-2  el_after_av_one_full  el_before_av_two_third  first flex_column_div  column-top-margin'     ><style type=\"text\/css\" data-created_by=\"avia_inline_auto\" id=\"style-css-av-lghwf1ne-6417934d6d01b55ce1b893b4e9b8ba3a\">\n.avia-image-container.av-lghwf1ne-6417934d6d01b55ce1b893b4e9b8ba3a img.avia_image{\nbox-shadow:none;\n}\n.avia-image-container.av-lghwf1ne-6417934d6d01b55ce1b893b4e9b8ba3a .av-image-caption-overlay-center{\ncolor:#ffffff;\n}\n<\/style>\n<div  class='avia-image-container av-lghwf1ne-6417934d6d01b55ce1b893b4e9b8ba3a av-styling- avia-align-center  avia-builder-el-3  avia-builder-el-no-sibling'   itemprop=\"image\" itemscope=\"itemscope\" itemtype=\"https:\/\/schema.org\/ImageObject\" ><div class=\"avia-image-container-inner\"><div class=\"avia-image-overlay-wrap\"><img decoding=\"async\" fetchpriority=\"high\" class='wp-image-5480963 avia-img-lazy-loading-not-5480963 avia_image' src=\"https:\/\/boulder.earth\/wp-content\/uploads\/2023\/04\/pollinators.jpg\" alt='' title='polinizadores'  height=\"223\" width=\"300\"  itemprop=\"thumbnailUrl\" srcset=\"https:\/\/boulder.earth\/wp-content\/uploads\/2023\/04\/pollinators.jpg 300w, https:\/\/boulder.earth\/wp-content\/uploads\/2023\/04\/pollinators-16x12.jpg 16w\" sizes=\"(max-width: 300px) 100vw, 300px\" \/><\/div><\/div><\/div><\/div>\n<div  class='flex_column av-gju3kq2q-5aaf02b4828f0ca650cd08689dff87ef av_two_third  avia-builder-el-4  el_after_av_one_third  el_before_av_two_third  flex_column_div  column-top-margin'     ><section  class='av_textblock_section av-lghwbfcs-0383d9c589bb49baafa35d0c63687036'   itemscope=\"itemscope\" itemtype=\"https:\/\/schema.org\/BlogPosting\" itemprop=\"blogPost\" ><div class='avia_textblock'  itemprop=\"text\" ><h4>Martes 18 de abril, 9 a. m. \u2013 mediod\u00eda: H\u00e1bitat de los polinizadores: \u00a1Enam\u00f3rate del mundo (de nuevo)!<\/h4>\n<p>Acomp\u00e1\u00f1anos en el campus de Arapahoe para apoyar los ecosistemas locales y fortalecer el ambiente de los polinizadores oriundos de estas zonas. Sembraremos flores curativas en el Jard\u00edn de la Sanaci\u00f3n, mejoraremos las plantaciones de frutas y verduras de Naropa, sembraremos semillas para los polinizadores y nutriremos la ecolog\u00eda del suelo natural.<\/p>\n<\/div><\/section><\/div>\n<div  class='flex_column av-ebje4ewy-6023b292fba58f78c113db5fa4db414d av_two_third  avia-builder-el-6  el_after_av_two_third  el_before_av_one_third  first flex_column_div  column-top-margin'     ><section  class='av_textblock_section av-lghwbx5z-3ed1dd245f5ac4ff1ffac7b107276bcf'   itemscope=\"itemscope\" itemtype=\"https:\/\/schema.org\/BlogPosting\" itemprop=\"blogPost\" ><div class='avia_textblock'  itemprop=\"text\" ><h4>Mi\u00e9rcoles 19 de abril, mediod\u00eda \u2013 1:20 p. m.: Discurso principal del D\u00eda de la Justicia de la Tierra a cargo de Ava Hamilton (Arapaho)<\/h4>\n<p>Ava Hamilton es productora independiente de documentales, historiadora y protectora del agua. Ella hablar\u00e1 de la necesidad de volver a enfocarse en la \u201csabidur\u00eda ind\u00edgena,\u201d a fin de cultivar una verdadera sostenibilidad. Ser\u00e1 una discusi\u00f3n informal con la participaci\u00f3n activa del p\u00fablico, se llevar\u00e1 a cabo de manera presencial en el Centro Cultural de Naropa en el campus de Arapahoe, y tambi\u00e9n virtual, en vivo por Zoom.<\/p>\n<\/div><\/section><\/div><div  class='flex_column av-dgpugvlu-9bbc326ee5ca264032038a41a810bffd av_one_third  avia-builder-el-8  el_after_av_two_third  el_before_av_one_third  flex_column_div  column-top-margin'     ><style type=\"text\/css\" data-created_by=\"avia_inline_auto\" id=\"style-css-av-lghwfmw9-93e6e5d403e7ff0b01d313c76534a3bc\">\n.avia-image-container.av-lghwfmw9-93e6e5d403e7ff0b01d313c76534a3bc img.avia_image{\nbox-shadow:none;\n}\n.avia-image-container.av-lghwfmw9-93e6e5d403e7ff0b01d313c76534a3bc .av-image-caption-overlay-center{\ncolor:#ffffff;\n}\n<\/style>\n<div  class='avia-image-container av-lghwfmw9-93e6e5d403e7ff0b01d313c76534a3bc av-styling- avia-align-center  avia-builder-el-9  avia-builder-el-no-sibling'   itemprop=\"image\" itemscope=\"itemscope\" itemtype=\"https:\/\/schema.org\/ImageObject\" ><div class=\"avia-image-container-inner\"><div class=\"avia-image-overlay-wrap\"><img decoding=\"async\" fetchpriority=\"high\" class='wp-image-5480964 avia-img-lazy-loading-not-5480964 avia_image' src=\"https:\/\/boulder.earth\/wp-content\/uploads\/2023\/04\/ava-hamilton-1.jpg\" alt='' title='ava-hamilton'  height=\"223\" width=\"300\"  itemprop=\"thumbnailUrl\" srcset=\"https:\/\/boulder.earth\/wp-content\/uploads\/2023\/04\/ava-hamilton-1.jpg 300w, https:\/\/boulder.earth\/wp-content\/uploads\/2023\/04\/ava-hamilton-1-16x12.jpg 16w\" sizes=\"(max-width: 300px) 100vw, 300px\" \/><\/div><\/div><\/div><\/div><\/p>\n<div  class='flex_column av-bzg2vmyq-4719c39ed7bbf0286c42cb8b44231a31 av_one_third  avia-builder-el-10  el_after_av_one_third  el_before_av_two_third  first flex_column_div  column-top-margin'     ><style type=\"text\/css\" data-created_by=\"avia_inline_auto\" id=\"style-css-av-lghwgw7q-317afd97e65b63c03e81d89614f4da71\">\n.avia-image-container.av-lghwgw7q-317afd97e65b63c03e81d89614f4da71 img.avia_image{\nbox-shadow:none;\n}\n.avia-image-container.av-lghwgw7q-317afd97e65b63c03e81d89614f4da71 .av-image-caption-overlay-center{\ncolor:#ffffff;\n}\n<\/style>\n<div  class='avia-image-container av-lghwgw7q-317afd97e65b63c03e81d89614f4da71 av-styling- avia-align-center  avia-builder-el-11  avia-builder-el-no-sibling'   itemprop=\"image\" itemscope=\"itemscope\" itemtype=\"https:\/\/schema.org\/ImageObject\" ><div class=\"avia-image-container-inner\"><div class=\"avia-image-overlay-wrap\"><img decoding=\"async\" fetchpriority=\"high\" class='wp-image-5480965 avia-img-lazy-loading-not-5480965 avia_image' src=\"https:\/\/boulder.earth\/wp-content\/uploads\/2023\/04\/dj-cavem-1.jpg\" alt='' title='dj-cavem'  height=\"223\" width=\"300\"  itemprop=\"thumbnailUrl\" srcset=\"https:\/\/boulder.earth\/wp-content\/uploads\/2023\/04\/dj-cavem-1.jpg 300w, https:\/\/boulder.earth\/wp-content\/uploads\/2023\/04\/dj-cavem-1-16x12.jpg 16w\" sizes=\"(max-width: 300px) 100vw, 300px\" \/><\/div><\/div><\/div><\/div>\n<div  class='flex_column av-afpo2zuq-c84a869a743a53b27d4e752293080c15 av_two_third  avia-builder-el-12  el_after_av_one_third  el_before_av_two_third  flex_column_div  column-top-margin'     ><section  class='av_textblock_section av-lghwcc7n-24e2d2472659cdc92f2a2339778a7764'   itemscope=\"itemscope\" itemtype=\"https:\/\/schema.org\/BlogPosting\" itemprop=\"blogPost\" ><div class='avia_textblock'  itemprop=\"text\" ><h4>Mi\u00e9rcoles, 19 de abril, 2 a 4 pm: Celebraci\u00f3n del D\u00eda de la Justicia de la Tierra a cargo del Dr. Ietef Vita, m\u00e1s conocido como DJ Cavem, en el Centro de Artes Esc\u00e9nicas del campus de Arapahoe.<\/h4>\n<p>Acomp\u00e1\u00f1anos a escuchar m\u00fasica hip hop con el Dr. Vita, quien estar\u00e1 firmando sus paquetes de semillas y otros art\u00edculos despu\u00e9s del espect\u00e1culo. Baila a tu ritmo por nuestro planeta.<\/p>\n<\/div><\/section><\/div>\n<div  class='flex_column av-9pq9pwjm-af03a373b74d7d2ff55b4c512bff1f8b av_two_third  avia-builder-el-14  el_after_av_two_third  el_before_av_one_third  first flex_column_div  column-top-margin'     ><section  class='av_textblock_section av-lghwcvjj-e714552582a5fb71bdcf30abd5fd62fe'   itemscope=\"itemscope\" itemtype=\"https:\/\/schema.org\/BlogPosting\" itemprop=\"blogPost\" ><div class='avia_textblock'  itemprop=\"text\" ><h4>Jueves 20 de abril, 1 p. m. a 3:30 p. m.: Limpieza del arroyo de Boulder con el personal de Naropa.<\/h4>\n<p>Nos reuniremos en el Centro Cultural para ayudar a limpiar y proteger el arroyo de nuestra ciudad.<\/p>\n<\/div><\/section><\/div>\n<div  class='flex_column av-8szfg4jm-2943cc2bac3f88b803fa5955a5b5f57d av_one_third  avia-builder-el-16  el_after_av_two_third  el_before_av_one_third  flex_column_div  column-top-margin'     ><style type=\"text\/css\" data-created_by=\"avia_inline_auto\" id=\"style-css-av-lghwr1iz-c8063a5fdaa1ade365e7abf9c51df87f\">\n.avia-image-container.av-lghwr1iz-c8063a5fdaa1ade365e7abf9c51df87f img.avia_image{\nbox-shadow:none;\n}\n.avia-image-container.av-lghwr1iz-c8063a5fdaa1ade365e7abf9c51df87f .av-image-caption-overlay-center{\ncolor:#ffffff;\n}\n<\/style>\n<div  class='avia-image-container av-lghwr1iz-c8063a5fdaa1ade365e7abf9c51df87f av-styling- avia-align-center  avia-builder-el-17  avia-builder-el-no-sibling'   itemprop=\"image\" itemscope=\"itemscope\" itemtype=\"https:\/\/schema.org\/ImageObject\" ><div class=\"avia-image-container-inner\"><div class=\"avia-image-overlay-wrap\"><img decoding=\"async\" fetchpriority=\"high\" class='wp-image-5480966 avia-img-lazy-loading-not-5480966 avia_image' src=\"https:\/\/boulder.earth\/wp-content\/uploads\/2023\/04\/boulder-creek.jpg\" alt='' title='boulder-creek'  height=\"223\" width=\"300\"  itemprop=\"thumbnailUrl\" srcset=\"https:\/\/boulder.earth\/wp-content\/uploads\/2023\/04\/boulder-creek.jpg 300w, https:\/\/boulder.earth\/wp-content\/uploads\/2023\/04\/boulder-creek-16x12.jpg 16w\" sizes=\"(max-width: 300px) 100vw, 300px\" \/><\/div><\/div><\/div><\/div>\n<div  class='flex_column av-7517483m-3e64c48120e1ec461651d36ae137cd6c av_one_third  avia-builder-el-18  el_after_av_one_third  el_before_av_two_third  first flex_column_div  column-top-margin'     ><style type=\"text\/css\" data-created_by=\"avia_inline_auto\" id=\"style-css-av-lghwtl72-3aa6d8a539746e770adde14bcb19909b\">\n.avia-image-container.av-lghwtl72-3aa6d8a539746e770adde14bcb19909b img.avia_image{\nbox-shadow:none;\n}\n.avia-image-container.av-lghwtl72-3aa6d8a539746e770adde14bcb19909b .av-image-caption-overlay-center{\ncolor:#ffffff;\n}\n<\/style>\n<div  class='avia-image-container av-lghwtl72-3aa6d8a539746e770adde14bcb19909b av-styling- avia-align-center  avia-builder-el-19  avia-builder-el-no-sibling'   itemprop=\"image\" itemscope=\"itemscope\" itemtype=\"https:\/\/schema.org\/ImageObject\" ><div class=\"avia-image-container-inner\"><div class=\"avia-image-overlay-wrap\"><img decoding=\"async\" fetchpriority=\"high\" class='wp-image-5480967 avia-img-lazy-loading-not-5480967 avia_image' src=\"https:\/\/boulder.earth\/wp-content\/uploads\/2023\/04\/forest-bathing.jpg\" alt='' title='ba\u00f1os de bosque'  height=\"223\" width=\"300\"  itemprop=\"thumbnailUrl\" srcset=\"https:\/\/boulder.earth\/wp-content\/uploads\/2023\/04\/forest-bathing.jpg 300w, https:\/\/boulder.earth\/wp-content\/uploads\/2023\/04\/forest-bathing-16x12.jpg 16w\" sizes=\"(max-width: 300px) 100vw, 300px\" \/><\/div><\/div><\/div><\/div>\n<div  class='flex_column av-5mp29c02-488a2e3d6a37274d8d619761555f2b18 av_two_third  avia-builder-el-20  el_after_av_one_third  el_before_av_two_third  flex_column_div  column-top-margin'     ><section  class='av_textblock_section av-lghwd8rb-9059c892b7cd933affd4016594568630'   itemscope=\"itemscope\" itemtype=\"https:\/\/schema.org\/BlogPosting\" itemprop=\"blogPost\" ><div class='avia_textblock'  itemprop=\"text\" ><h4>Viernes 21 de abril, 1-4 PM: Ba\u00f1o forestal con un maestro herbolario<\/h4>\n<p>\u00danete a nosotros para sumergirnos en el esplendor de la naturaleza, siguiendo la costumbre japonesa de los ba\u00f1os forestales o Shinrin-yoku, en las faldas de las monta\u00f1as de Boulder. Esta rejuvenecedora experiencia fomenta una conexi\u00f3n profunda con otros mundos aparte del humano, e incluye invitaciones guiadas y un compartir comunitario.<\/p>\n<\/div><\/section><\/div>\n<div  class='flex_column av-4ghja29u-693cacc4f8da505bf305aaec1211edc8 av_two_third  avia-builder-el-22  el_after_av_two_third  el_before_av_one_third  first flex_column_div  column-top-margin'     ><section  class='av_textblock_section av-lghwdnwr-cc50fd8669dd16622731b92766cf9103'   itemscope=\"itemscope\" itemtype=\"https:\/\/schema.org\/BlogPosting\" itemprop=\"blogPost\" ><div class='avia_textblock'  itemprop=\"text\" ><h4>Viernes 21 y s\u00e1bado 22 de abril:  Taller de construcci\u00f3n con adobe.<\/h4>\n<p>Acomp\u00e1\u00f1anos en el campus de Arapahoe para la introducci\u00f3n a las t\u00e9cnicas de construcci\u00f3n natural, espec\u00edficamente con adobe. Los participantes tendr\u00e1n la oportunidad de construir e instalar un banquillo de adobe, donde aprender\u00e1n sobre la filosof\u00eda de construcci\u00f3n ecol\u00f3gica y se ensuciar\u00e1n las manos.<\/p>\n<\/div><\/section><\/div>\n<div  class='flex_column av-39bxtude-95bc3f0866419c97076fbd46764ddd54 av_one_third  avia-builder-el-24  el_after_av_two_third  el_before_av_one_full  flex_column_div  column-top-margin'     ><style type=\"text\/css\" data-created_by=\"avia_inline_auto\" id=\"style-css-av-lghwu5vz-453c7e2178f8e58a3223436644a1b1c9\">\n.avia-image-container.av-lghwu5vz-453c7e2178f8e58a3223436644a1b1c9 img.avia_image{\nbox-shadow:none;\n}\n.avia-image-container.av-lghwu5vz-453c7e2178f8e58a3223436644a1b1c9 .av-image-caption-overlay-center{\ncolor:#ffffff;\n}\n<\/style>\n<div  class='avia-image-container av-lghwu5vz-453c7e2178f8e58a3223436644a1b1c9 av-styling- avia-align-center  avia-builder-el-25  avia-builder-el-no-sibling'   itemprop=\"image\" itemscope=\"itemscope\" itemtype=\"https:\/\/schema.org\/ImageObject\" ><div class=\"avia-image-container-inner\"><div class=\"avia-image-overlay-wrap\"><img decoding=\"async\" fetchpriority=\"high\" class='wp-image-5480968 avia-img-lazy-loading-not-5480968 avia_image' src=\"https:\/\/boulder.earth\/wp-content\/uploads\/2023\/04\/cob-building-1.jpg\" alt='' title='construcci\u00f3n de mazorcas'  height=\"223\" width=\"300\"  itemprop=\"thumbnailUrl\" srcset=\"https:\/\/boulder.earth\/wp-content\/uploads\/2023\/04\/cob-building-1.jpg 300w, https:\/\/boulder.earth\/wp-content\/uploads\/2023\/04\/cob-building-1-16x12.jpg 16w\" sizes=\"(max-width: 300px) 100vw, 300px\" \/><\/div><\/div><\/div><\/div>\n<div  class='flex_column av-749lxmq-47074cf07de9ace42dc034f332818bd8 av_one_full  avia-builder-el-26  el_after_av_one_third  avia-builder-el-last  first flex_column_div  column-top-margin'     ><section  class='av_textblock_section av-lghwuodi-7b3fa118265d77fb82f4affafa500e63'   itemscope=\"itemscope\" itemtype=\"https:\/\/schema.org\/BlogPosting\" itemprop=\"blogPost\" ><div class='avia_textblock'  itemprop=\"text\" ><h3 style=\"text-align: center;\">Ent\u00e9rate de m\u00e1s detalles e inscr\u00edbete en otros eventos, aqu\u00ed:<a href=\"https:\/\/www.earthjusticeweek.org\/\">https:\/\/www.earthjusticeweek.org<\/a><\/h3>\n<p>Dale un vistazo al <a href=\"https:\/\/boulder.earth\/es\/calendar\/\">calendario comunitario de justicia clim\u00e1tica del condado de Boulder<\/a> para ver m\u00e1s fabulosos eventos de esta semana y las siguientes.<\/p>\n<p>\u00a1Que el compromiso y la energ\u00eda de estos eventos se conviertan en acciones consagradas, sostenidas, equitativas y de j\u00fabilo a favor de la justicia clim\u00e1tica local y en c\u00edrculos m\u00e1s amplios!<\/p>\n<\/div><\/section><\/div>","protected":false},"excerpt":{"rendered":"<p>La Universidad de Naropa tiene el conjunto m\u00e1s completo de eventos del D\u00eda de la Tierra en Boulder este mes que no querr\u00e1s perderte. Aqu\u00ed hay algunos aspectos destacados...<\/p>","protected":false},"author":1,"featured_media":5480969,"comment_status":"closed","ping_status":"open","sticky":false,"template":"","format":"standard","meta":{"footnotes":""},"categories":[3,322,358],"tags":[],"class_list":["post-5480962","post","type-post","status-publish","format-standard","has-post-thumbnail","hentry","category-actions","category-blog","category-events"],"_links":{"self":[{"href":"https:\/\/boulder.earth\/es\/wp-json\/wp\/v2\/posts\/5480962","targetHints":{"allow":["GET"]}}],"collection":[{"href":"https:\/\/boulder.earth\/es\/wp-json\/wp\/v2\/posts"}],"about":[{"href":"https:\/\/boulder.earth\/es\/wp-json\/wp\/v2\/types\/post"}],"author":[{"embeddable":true,"href":"https:\/\/boulder.earth\/es\/wp-json\/wp\/v2\/users\/1"}],"replies":[{"embeddable":true,"href":"https:\/\/boulder.earth\/es\/wp-json\/wp\/v2\/comments?post=5480962"}],"version-history":[{"count":4,"href":"https:\/\/boulder.earth\/es\/wp-json\/wp\/v2\/posts\/5480962\/revisions"}],"predecessor-version":[{"id":5480971,"href":"https:\/\/boulder.earth\/es\/wp-json\/wp\/v2\/posts\/5480962\/revisions\/5480971"}],"wp:featuredmedia":[{"embeddable":true,"href":"https:\/\/boulder.earth\/es\/wp-json\/wp\/v2\/media\/5480969"}],"wp:attachment":[{"href":"https:\/\/boulder.earth\/es\/wp-json\/wp\/v2\/media?parent=5480962"}],"wp:term":[{"taxonomy":"category","embeddable":true,"href":"https:\/\/boulder.earth\/es\/wp-json\/wp\/v2\/categories?post=5480962"},{"taxonomy":"post_tag","embeddable":true,"href":"https:\/\/boulder.earth\/es\/wp-json\/wp\/v2\/tags?post=5480962"}],"curies":[{"name":"wp","href":"https:\/\/api.w.org\/{rel}","templated":true}]}}