{"id":5482223,"date":"2023-09-07T11:38:06","date_gmt":"2023-09-07T17:38:06","guid":{"rendered":"https:\/\/boulder.earth\/?p=5482223"},"modified":"2023-09-24T06:46:44","modified_gmt":"2023-09-24T12:46:44","slug":"happy-september","status":"publish","type":"post","link":"https:\/\/boulder.earth\/es\/happy-september\/","title":{"rendered":"Feliz Septiembre"},"content":{"rendered":"<div  class='flex_column av-bs2t2sq7-4f09953ccfda05b48b653519dc8c208d av_one_full  avia-builder-el-0  el_before_av_one_full  avia-builder-el-first  first flex_column_div'     ><section  class='av_textblock_section av-lm9e16i2-714a0044222c479ad20da4f309a172cd'   itemscope=\"itemscope\" itemtype=\"https:\/\/schema.org\/BlogPosting\" itemprop=\"blogPost\" ><div class='avia_textblock'  itemprop=\"text\" ><h1><span style=\"font-weight: 400;\">\u00a1Feliz septiembre del Hive!<\/span><\/h1>\n<p><span style=\"font-weight: 400;\">Mientras entramos a la temporada de oto\u00f1o y a la \u00e9poca de cosecha, el <\/span><a href=\"https:\/\/boulder.earth\/es\/\"><span style=\"font-weight: 400;\">Hive de Justicia Clim\u00e1tica del condado de Boulder<\/span><\/a><span style=\"font-weight: 400;\">quien administra el portal web de Boulder dot Earth, quiere expresar su inmenso agradecimiento por la oleada de apoyo, \u00e1nimo y crecimiento que ha recibido este ultimo a\u00f1o.\u00a0<\/span><\/p>\n<p><span style=\"font-weight: 400;\">\u00a1Much\u00edsimas gracias por ser parte de esta comunidad, por ofrecer sus dones y esfuerzos para este movimiento colectivo, por preocuparse por el futuro de este planeta y su gente, y por mantener una relaci\u00f3n con el Hive en Bouder.Earth por medio de estos boletines y m\u00e1s!<\/span><\/p>\n<p><span style=\"font-weight: 400;\">Gracias.\u00a0<\/span><\/p>\n<p><span style=\"font-weight: 400;\">Desde el \u00faltimo correo electr\u00f3nico que enviamos en el verano, pasamos de tener el 50% de la <\/span><a href=\"\/es\/\u00a1Tenemos buenas noticias! El Hive de Justicia Clim\u00e1tica del condado de Boulder tiene la oportunidad de recibir una subvenci\u00f3n complementaria de $25,000. \u00a1Ya hemos recaudado m\u00e1s de la mitad!\/\"><span style=\"font-weight: 400;\">subvenci\u00f3n equivalente de $25,000<\/span><\/a><span style=\"font-weight: 400;\"> oportunidad de estar a m\u00e1s de 80% del camino hacia nuestra meta. <\/span><b>\u00a1GRACIAS!<\/b><span style=\"font-weight: 400;\"> Si a\u00fan no te has unido a esta comunidad de soporte pero quieres hacerlo, compru\u00e9balo. <\/span><a href=\"\/es\/\u00a1Tenemos buenas noticias! El Hive de Justicia Clim\u00e1tica del condado de Boulder tiene la oportunidad de recibir una subvenci\u00f3n complementaria de $25,000. \u00a1Ya hemos recaudado m\u00e1s de la mitad!\/\"><span style=\"font-weight: 400;\">Aqu\u00ed<\/span><\/a><span style=\"font-weight: 400;\">.<\/span><\/p>\n<\/div><\/section><\/div>\n\n<style type=\"text\/css\" data-created_by=\"avia_inline_auto\" id=\"style-css-av-11zspii7-4d15fc4c9a6fa23c70196c0455017e4e\">\n.flex_column.av-11zspii7-4d15fc4c9a6fa23c70196c0455017e4e{\nbackground-color:#efefef;\n}\n<\/style>\n<div  class='flex_column av-11zspii7-4d15fc4c9a6fa23c70196c0455017e4e av_one_full  avia-builder-el-2  el_after_av_one_full  el_before_av_one_full  first flex_column_div  column-top-margin'     ><section  class='av_textblock_section av-lm9g52s2-a1815f04b5568ad67731f240f0eb72cd'   itemscope=\"itemscope\" itemtype=\"https:\/\/schema.org\/BlogPosting\" itemprop=\"blogPost\" ><div class='avia_textblock'  itemprop=\"text\" ><h3 style=\"text-align: center;\"><span style=\"font-weight: 400;\">\u00a1El segundo cumplea\u00f1os del Hive ya se acerca este 14 de setiembre! \u00a1Hemos crecido bastante!<br \/>\n\u00a1Hemos crecido mucho!<\/span><\/h3>\n<\/div><\/section><br \/>\n\n<style type=\"text\/css\" data-created_by=\"avia_inline_auto\" id=\"style-css-av-lm9g7u0e-fa67c91c814436887a2f5e8695e69b66\">\n.avia-image-container.av-lm9g7u0e-fa67c91c814436887a2f5e8695e69b66 img.avia_image{\nbox-shadow:none;\n}\n.avia-image-container.av-lm9g7u0e-fa67c91c814436887a2f5e8695e69b66 .av-image-caption-overlay-center{\ncolor:#ffffff;\n}\n<\/style>\n<div  class='avia-image-container av-lm9g7u0e-fa67c91c814436887a2f5e8695e69b66 av-styling- avia-align-center  avia-builder-el-4  el_after_av_textblock  el_before_av_textblock'   itemprop=\"image\" itemscope=\"itemscope\" itemtype=\"https:\/\/schema.org\/ImageObject\" ><div class=\"avia-image-container-inner\"><div class=\"avia-image-overlay-wrap\"><img decoding=\"async\" fetchpriority=\"high\" class='wp-image-5482441 avia-img-lazy-loading-not-5482441 avia_image' src=\"https:\/\/boulder.earth\/wp-content\/uploads\/2023\/09\/HiveGroupMeal-1030x773.jpg\" alt='' title='ColmenaGrupoComida'  height=\"773\" width=\"1030\"  itemprop=\"thumbnailUrl\" srcset=\"https:\/\/boulder.earth\/wp-content\/uploads\/2023\/09\/HiveGroupMeal-1030x773.jpg 1030w, https:\/\/boulder.earth\/wp-content\/uploads\/2023\/09\/HiveGroupMeal-300x225.jpg 300w, https:\/\/boulder.earth\/wp-content\/uploads\/2023\/09\/HiveGroupMeal-768x576.jpg 768w, https:\/\/boulder.earth\/wp-content\/uploads\/2023\/09\/HiveGroupMeal-16x12.jpg 16w, https:\/\/boulder.earth\/wp-content\/uploads\/2023\/09\/HiveGroupMeal-705x529.jpg 705w, https:\/\/boulder.earth\/wp-content\/uploads\/2023\/09\/HiveGroupMeal.jpg 1200w\" sizes=\"(max-width: 1030px) 100vw, 1030px\" \/><\/div><\/div><\/div><br \/>\n<section  class='av_textblock_section av-lm9g2i1k-80052635a67f1289be31a8767d4d4f0e'   itemscope=\"itemscope\" itemtype=\"https:\/\/schema.org\/BlogPosting\" itemprop=\"blogPost\" ><div class='avia_textblock'  itemprop=\"text\" ><p style=\"text-align: center;\"><em><strong>Climate Justice Collaborative y Naropa folx se unieron para nuestra celebraci\u00f3n del primer cumplea\u00f1os de Hive.<\/strong><\/em><\/p>\n<p>De izquierda a derecha Indya Rinchen (Coordinadora del programa FLOWS), Suzanne Plaut (Equipo asesor de Hive), Silvana Munro (Traductora de espa\u00f1ol de Hive), Danyel Addes (Coordinador del calendario de Hive, Equipo asesor de Hive), Maya Handelman (Pasante de Hive de CU INVST), Lodi Siefer (codirectora de Hive, comit\u00e9 organizador de GreenFaith del condado de Boulder), Marianne Shiple (coordinadora de justicia clim\u00e1tica y salud p\u00fablica del condado de Boulder; comit\u00e9 directivo colaborativo de justicia clim\u00e1tica, equipo asesor de Hive), Katie Myers (directora ejecutiva de la Fundaci\u00f3n Philanthropiece), Micha Kurz (Hive Co -L\u00edder, Comit\u00e9 Directivo Colaborativo de Justicia Clim\u00e1tica), Gaia Mika (Equipo Asesor de Hive), Bee Pollicino (Pasante de Hive de Naropa), Mark Steele (Director Creativo de Hive, Equipo Asesor de Hive), Alejandro Murillo (Equipo Asesor de Hive; Centro Ambiental de CU; Comit\u00e9 Directivo Colaborativo de Justicia Clim\u00e1tica)<\/p>\n<\/div><\/section><\/p><\/div>\n<style type=\"text\/css\" data-created_by=\"avia_inline_auto\" id=\"style-css-av-9gddy4xb-b39dcc843201c044c640d1a93852eb0b\">\n.flex_column.av-9gddy4xb-b39dcc843201c044c640d1a93852eb0b{\nbackground-color:#b6ed21;\n}\n<\/style>\n<div  class='flex_column av-9gddy4xb-b39dcc843201c044c640d1a93852eb0b av_one_full  avia-builder-el-6  el_after_av_one_full  el_before_av_one_fourth  first flex_column_div  column-top-margin'     ><section  class='av_textblock_section av-lm9g9huu-4f7a98d8871edb2083753f2ef8b538e3'   itemscope=\"itemscope\" itemtype=\"https:\/\/schema.org\/BlogPosting\" itemprop=\"blogPost\" ><div class='avia_textblock'  itemprop=\"text\" ><h1 style=\"text-align: center;\"><span style=\"font-weight: 400;\">Hay una gran cantidad de eventos que publicaremos en nuestro calendario comunitario.<\/span><\/h1>\n<\/div><\/section><br \/>\n<div  class='avia-button-wrap av-lm9g9qtm-d6eb50da847d5b8f6491bb9f6dd5c885-wrap avia-button-center  avia-builder-el-8  el_after_av_textblock  avia-builder-el-last'><a href='https:\/\/boulder.earth\/es\/calendar\/'  class='avia-button av-lm9g9qtm-d6eb50da847d5b8f6491bb9f6dd5c885 av-link-btn avia-icon_select-yes-left-icon avia-size-small avia-position-center avia-color-theme-color'   aria-label=\"Visite el calendario comunitario completo\"><span class='avia_button_icon avia_button_icon_left avia-iconfont avia-font-entypo-fontello' data-av_icon='\ue862' data-av_iconfont='entypo-fontello' ><\/span><span class='avia_iconbox_title' >Visite el calendario comunitario completo<\/span><\/a><\/div><\/p><\/div><\/p>\n<div  class='flex_column av-81o2hzvz-ae3d7fe011d98daae34914b12cb6b022 av_one_fourth  avia-builder-el-9  el_after_av_one_full  el_before_av_three_fourth  first flex_column_div  column-top-margin'     ><style type=\"text\/css\" data-created_by=\"avia_inline_auto\" id=\"style-css-av-lm9ebvmz-90319983f310b1a826408cb4e99b9e04\">\n.avia-image-container.av-lm9ebvmz-90319983f310b1a826408cb4e99b9e04 img.avia_image{\nbox-shadow:none;\n}\n.avia-image-container.av-lm9ebvmz-90319983f310b1a826408cb4e99b9e04 .av-image-caption-overlay-center{\ncolor:#ffffff;\n}\n<\/style>\n<div  class='avia-image-container av-lm9ebvmz-90319983f310b1a826408cb4e99b9e04 av-styling- avia-align-center  avia-builder-el-10  avia-builder-el-no-sibling'   itemprop=\"image\" itemscope=\"itemscope\" itemtype=\"https:\/\/schema.org\/ImageObject\" ><div class=\"avia-image-container-inner\"><div class=\"avia-image-overlay-wrap\"><img decoding=\"async\" fetchpriority=\"high\" class='wp-image-5482224 avia-img-lazy-loading-not-5482224 avia_image' src=\"https:\/\/boulder.earth\/wp-content\/uploads\/2023\/09\/cornfestival-box.jpg\" alt='' title='caja-festival-del-ma\u00edz'  height=\"474\" width=\"500\"  itemprop=\"thumbnailUrl\" srcset=\"https:\/\/boulder.earth\/wp-content\/uploads\/2023\/09\/cornfestival-box.jpg 500w, https:\/\/boulder.earth\/wp-content\/uploads\/2023\/09\/cornfestival-box-300x284.jpg 300w, https:\/\/boulder.earth\/wp-content\/uploads\/2023\/09\/cornfestival-box-13x12.jpg 13w\" sizes=\"(max-width: 500px) 100vw, 500px\" \/><\/div><\/div><\/div><\/div>\n<div  class='flex_column av-ozlnypb-dc4e5407ad1f4d1c08ea202d1fd49f1b av_three_fourth  avia-builder-el-11  el_after_av_one_fourth  el_before_av_three_fourth  flex_column_div  column-top-margin'     ><section  class='av_textblock_section av-lm9ecvs5-16ff8366ca2274d178951af16c8d77e0'   itemscope=\"itemscope\" itemtype=\"https:\/\/schema.org\/BlogPosting\" itemprop=\"blogPost\" ><div class='avia_textblock'  itemprop=\"text\" ><h3>No se pierda el Segundo Festival Anual del Ma\u00edz, organizado por Harvest for All First Nations, el 23 y 24 de septiembre.<\/h3>\n<p class=\"translation-block\"><span style=\"font-weight: 400\">(Este festival es un ejemplo local de lo que se describe en<\/span> <a href=\"https:\/\/www.youtube.com\/watch?v=3akNyklB1fM\" target=\"_self\" class=\"mfp-iframe lightbox-added\"><span style=\"font-weight: 400\">Las posibilidades de la regeneraci\u00f3n<\/span><\/a> <span style=\"font-weight: 400\">, un cortometraje de 7 minutos de Kiss the Ground, redactado en conjunto y narrado por Lyla June, donde se explican los or\u00edgenes del Conocimiento Ecol\u00f3gico Tradicional Ind\u00edgena y la necesidad de incluirlos en los esfuerzos de Agricultura Regenerativa)<\/span><\/p>\n<\/div><\/section><\/div>\n<div  class='flex_column av-5glxjvjj-066d5d64d9249c891606572962fc8e6d av_three_fourth  avia-builder-el-13  el_after_av_three_fourth  el_before_av_one_fourth  first flex_column_div  column-top-margin'     ><section  class='av_textblock_section av-lm9e984a-4cccc8fb01823aa9a32c8c08ca78456b'   itemscope=\"itemscope\" itemtype=\"https:\/\/schema.org\/BlogPosting\" itemprop=\"blogPost\" ><div class='avia_textblock'  itemprop=\"text\" ><h3>Est\u00e9 atento a la proyecci\u00f3n del documental <a href=\"https:\/\/www.frackingthesystem.com\/\">Fracking the System<\/a><\/h3>\n<p><span style=\"font-weight: 400;\">patrocinado por GreenFaith del condado de Boulder en octubre. Y por mientras, <\/span><a href=\"https:\/\/www.safeandhealthyco.org\/\"><span style=\"font-weight: 400;\">comprom\u00e9tase a firmar la petici\u00f3n<\/span><\/a><span style=\"font-weight: 400;\"> de la iniciativa de votaci\u00f3n 2024 de Colorado Seguro y Saludable.\u00a0<\/span><\/p>\n<\/div><\/section><\/div>\n<div  class='flex_column av-4xz56b8v-4a2e179a6c52ed14e80d24d306886a13 av_one_fourth  avia-builder-el-15  el_after_av_three_fourth  el_before_av_one_third  flex_column_div  column-top-margin'     ><style type=\"text\/css\" data-created_by=\"avia_inline_auto\" id=\"style-css-av-lm9eeyv5-76836546647cfdfd3157fd63931931ea\">\n.avia-image-container.av-lm9eeyv5-76836546647cfdfd3157fd63931931ea img.avia_image{\nbox-shadow:none;\n}\n.avia-image-container.av-lm9eeyv5-76836546647cfdfd3157fd63931931ea .av-image-caption-overlay-center{\ncolor:#ffffff;\n}\n<\/style>\n<div  class='avia-image-container av-lm9eeyv5-76836546647cfdfd3157fd63931931ea av-styling- avia-align-center  avia-builder-el-16  avia-builder-el-no-sibling'   itemprop=\"image\" itemscope=\"itemscope\" itemtype=\"https:\/\/schema.org\/ImageObject\" ><div class=\"avia-image-container-inner\"><div class=\"avia-image-overlay-wrap\"><img decoding=\"async\" fetchpriority=\"high\" class='wp-image-5482225 avia-img-lazy-loading-not-5482225 avia_image' src=\"https:\/\/boulder.earth\/wp-content\/uploads\/2023\/09\/phaseoutfracking.jpg\" alt='' title='eliminaci\u00f3n gradual del fracking'  height=\"400\" width=\"600\"  itemprop=\"thumbnailUrl\" srcset=\"https:\/\/boulder.earth\/wp-content\/uploads\/2023\/09\/phaseoutfracking.jpg 600w, https:\/\/boulder.earth\/wp-content\/uploads\/2023\/09\/phaseoutfracking-300x200.jpg 300w, https:\/\/boulder.earth\/wp-content\/uploads\/2023\/09\/phaseoutfracking-18x12.jpg 18w\" sizes=\"(max-width: 600px) 100vw, 600px\" \/><\/div><\/div><\/div><\/div>\n<div  class='flex_column av-2pf6b9bj-4ba129138206a965f2248333cbe918a6 av_one_third  avia-builder-el-17  el_after_av_one_fourth  el_before_av_two_third  first flex_column_div  column-top-margin'     ><style type=\"text\/css\" data-created_by=\"avia_inline_auto\" id=\"style-css-av-lm9fcgg2-4466222b2e7488a184434eca8b164ec5\">\n.avia-image-container.av-lm9fcgg2-4466222b2e7488a184434eca8b164ec5 img.avia_image{\nbox-shadow:none;\n}\n.avia-image-container.av-lm9fcgg2-4466222b2e7488a184434eca8b164ec5 .av-image-caption-overlay-center{\ncolor:#ffffff;\n}\n<\/style>\n<div  class='avia-image-container av-lm9fcgg2-4466222b2e7488a184434eca8b164ec5 av-styling- avia-align-center  avia-builder-el-18  avia-builder-el-no-sibling'   itemprop=\"image\" itemscope=\"itemscope\" itemtype=\"https:\/\/schema.org\/ImageObject\" ><div class=\"avia-image-container-inner\"><div class=\"avia-image-overlay-wrap\"><img decoding=\"async\" fetchpriority=\"high\" class='wp-image-5482226 avia-img-lazy-loading-not-5482226 avia_image' src=\"https:\/\/boulder.earth\/wp-content\/uploads\/2023\/09\/healthy-school-meals-box.jpg\" alt='' title='caja-de-comidas-escolares-saludables'  height=\"600\" width=\"600\"  itemprop=\"thumbnailUrl\" srcset=\"https:\/\/boulder.earth\/wp-content\/uploads\/2023\/09\/healthy-school-meals-box.jpg 600w, https:\/\/boulder.earth\/wp-content\/uploads\/2023\/09\/healthy-school-meals-box-300x300.jpg 300w, https:\/\/boulder.earth\/wp-content\/uploads\/2023\/09\/healthy-school-meals-box-80x80.jpg 80w, https:\/\/boulder.earth\/wp-content\/uploads\/2023\/09\/healthy-school-meals-box-12x12.jpg 12w, https:\/\/boulder.earth\/wp-content\/uploads\/2023\/09\/healthy-school-meals-box-36x36.jpg 36w, https:\/\/boulder.earth\/wp-content\/uploads\/2023\/09\/healthy-school-meals-box-180x180.jpg 180w\" sizes=\"(max-width: 600px) 100vw, 600px\" \/><\/div><\/div><\/div><\/div>\n<div  class='flex_column av-1n1essq7-850c40181b59039f142e1a4039e5320a av_two_third  avia-builder-el-19  el_after_av_one_third  avia-builder-el-last  flex_column_div  column-top-margin'     ><section  class='av_textblock_section av-lm9eguu9-1ae82dbb9612202b7d00b2ad2de0c5b3'   itemscope=\"itemscope\" itemtype=\"https:\/\/schema.org\/BlogPosting\" itemprop=\"blogPost\" ><div class='avia_textblock'  itemprop=\"text\" ><h3><b>Por favor, \u00fanase a los esfuerzos de la Br\u00fajula Comunitaria, un grupo comunitario de madres latines,<\/b><span style=\"font-weight: 400;\"> &#8230;<\/span><\/h3>\n<p><span style=\"font-weight: 400;\">para asegurarse de que la propuesta FF aprobaba el a\u00f1o pasado para Alimentos Escolares Saludables para Todos se lleve a cabo y se ofrezcan mejores alimentos en el Distrito Escolar del Valle de St. Vrain. Su mensaje est\u00e1 a continuaci\u00f3n:<\/span><\/p>\n<p><i><span style=\"font-weight: 400;\">\u201cComo miembro de la Coalici\u00f3n Comidas Escolares Saludables para Todos, Br\u00fajula Comunitaria comparte estos formularios con el esp\u00edritu de compartir recursos y crear solidaridad en sus comunidades con la intenci\u00f3n de aprovechar nuestro conocimiento a trav\u00e9s del aprendizaje de sus experiencias con las comidas escolares. Por favor, complete nuestro <\/span><\/i><a href=\"https:\/\/docs.google.com\/forms\/d\/e\/1FAIpQLSdLdQjl7UDLtrVvtFNvfR6p_UR6l8BsHVmRom8UL2x0qjcvFQ\/viewform\"><i><span style=\"font-weight: 400;\">encuesta sobre comidas escolares<\/span><\/i><\/a><i><span style=\"font-weight: 400;\"> y agregue su nombre a nuestra creciente <\/span><\/i><a href=\"https:\/\/docs.google.com\/forms\/d\/e\/1FAIpQLSdW8zx3S6XVKXUpAPj_T03tRTxlaziDqqD_C63XDUVU-rvtSQ\/viewform\"><i><span style=\"font-weight: 400;\">lista de contactos<\/span><\/i><\/a><i><span style=\"font-weight: 400;\"> de defensores y l\u00edderes de comidas escolares, para que podamos crear junto con usted y su comunidad un programa de comidas escolares que los honre a usted y a su comunidad.\u201d<\/span><\/i><\/p>\n<\/div><\/section><\/div>","protected":false},"excerpt":{"rendered":"","protected":false},"author":1,"featured_media":5482225,"comment_status":"closed","ping_status":"open","sticky":false,"template":"","format":"standard","meta":{"footnotes":""},"categories":[322],"tags":[],"class_list":["post-5482223","post","type-post","status-publish","format-standard","has-post-thumbnail","hentry","category-blog"],"_links":{"self":[{"href":"https:\/\/boulder.earth\/es\/wp-json\/wp\/v2\/posts\/5482223","targetHints":{"allow":["GET"]}}],"collection":[{"href":"https:\/\/boulder.earth\/es\/wp-json\/wp\/v2\/posts"}],"about":[{"href":"https:\/\/boulder.earth\/es\/wp-json\/wp\/v2\/types\/post"}],"author":[{"embeddable":true,"href":"https:\/\/boulder.earth\/es\/wp-json\/wp\/v2\/users\/1"}],"replies":[{"embeddable":true,"href":"https:\/\/boulder.earth\/es\/wp-json\/wp\/v2\/comments?post=5482223"}],"version-history":[{"count":6,"href":"https:\/\/boulder.earth\/es\/wp-json\/wp\/v2\/posts\/5482223\/revisions"}],"predecessor-version":[{"id":5482457,"href":"https:\/\/boulder.earth\/es\/wp-json\/wp\/v2\/posts\/5482223\/revisions\/5482457"}],"wp:featuredmedia":[{"embeddable":true,"href":"https:\/\/boulder.earth\/es\/wp-json\/wp\/v2\/media\/5482225"}],"wp:attachment":[{"href":"https:\/\/boulder.earth\/es\/wp-json\/wp\/v2\/media?parent=5482223"}],"wp:term":[{"taxonomy":"category","embeddable":true,"href":"https:\/\/boulder.earth\/es\/wp-json\/wp\/v2\/categories?post=5482223"},{"taxonomy":"post_tag","embeddable":true,"href":"https:\/\/boulder.earth\/es\/wp-json\/wp\/v2\/tags?post=5482223"}],"curies":[{"name":"wp","href":"https:\/\/api.w.org\/{rel}","templated":true}]}}