{"id":5482656,"date":"2023-10-12T12:11:02","date_gmt":"2023-10-12T18:11:02","guid":{"rendered":"https:\/\/boulder.earth\/?p=5482656"},"modified":"2023-10-15T06:47:11","modified_gmt":"2023-10-15T12:47:11","slug":"engage-in-october-for-climate-justice","status":"publish","type":"post","link":"https:\/\/boulder.earth\/es\/engage-in-october-for-climate-justice\/","title":{"rendered":"Participe en la justicia clim\u00e1tica en octubre"},"content":{"rendered":"<div  class='flex_column av-933ll6lc-2b1fa05435117bcc13532e1aefaca121 av_one_full  avia-builder-el-0  el_before_av_one_full  avia-builder-el-first  first flex_column_div'     ><section  class='av_textblock_section av-lnnexbdh-3f630d3fce3d57b0f93c60465540da81'   itemscope=\"itemscope\" itemtype=\"https:\/\/schema.org\/BlogPosting\" itemprop=\"blogPost\" ><div class='avia_textblock'  itemprop=\"text\" ><h1><span style=\"font-weight: 400;\">Participe en la justicia clim\u00e1tica en octubre<\/span><\/h1>\n<p><span style=\"font-weight: 400;\">Hay muchos eventos y esfuerzos maravillosos que se est\u00e1n dando en nuestra comunidad. \u00a1Gracias por formar parte de ellos!<\/span><\/p>\n<p><span style=\"font-weight: 400;\">Para tener una mejor idea de todos los eventos, visite <\/span><a href=\"\/es\/calendar\/\"><span style=\"font-weight: 400;\">el calendario de eventos de justicia clim\u00e1tica del condado de Boulder<\/span><\/a><span style=\"font-weight: 400;\">.\u00a0<\/span><\/p>\n<\/div><\/section><\/div>\n\n<style type=\"text\/css\" data-created_by=\"avia_inline_auto\" id=\"style-css-av-lnnlm9gr-08c2531b0bb88a239137c6f388a4edb8\">\n.flex_column.av-lnnlm9gr-08c2531b0bb88a239137c6f388a4edb8{\nbackground-color:#edae44;\n}\n<\/style>\n<div  class='flex_column av-lnnlm9gr-08c2531b0bb88a239137c6f388a4edb8 av_one_full  avia-builder-el-2  el_after_av_one_full  el_before_av_one_half  first flex_column_div  column-top-margin'     ><style type=\"text\/css\" data-created_by=\"avia_inline_auto\" id=\"style-css-av-lnnlltwz-934d7cb8b5bbf188cecc26c2f90dde44\">\n#top .av_textblock_section.av-lnnlltwz-934d7cb8b5bbf188cecc26c2f90dde44 .avia_textblock{\ncolor:#ffffff;\n}\n<\/style>\n<section  class='av_textblock_section av-lnnlltwz-934d7cb8b5bbf188cecc26c2f90dde44'   itemscope=\"itemscope\" itemtype=\"https:\/\/schema.org\/BlogPosting\" itemprop=\"blogPost\" ><div class='avia_textblock av_inherit_color'  itemprop=\"text\" ><h2 style=\"text-align: center;\"><span style=\"font-weight: 400;\">Eventos destacados:<\/span><\/h2>\n<\/div><\/section><\/div>\n<div  class='flex_column av-aubqxq8w-2c71f56969f00651e88a24eeee41f89c av_one_half  avia-builder-el-4  el_after_av_one_full  el_before_av_one_half  first flex_column_div  column-top-margin'     ><style type=\"text\/css\" data-created_by=\"avia_inline_auto\" id=\"style-css-av-7doa3uao-50136760ea4d9876d5ea263ba119fb9f\">\n.avia-image-container.av-7doa3uao-50136760ea4d9876d5ea263ba119fb9f img.avia_image{\nbox-shadow:none;\n}\n.avia-image-container.av-7doa3uao-50136760ea4d9876d5ea263ba119fb9f .av-image-caption-overlay-center{\ncolor:#ffffff;\n}\n<\/style>\n<div  class='avia-image-container av-7doa3uao-50136760ea4d9876d5ea263ba119fb9f av-styling- av-img-linked avia-align-center  avia-builder-el-5  avia-builder-el-no-sibling'   itemprop=\"image\" itemscope=\"itemscope\" itemtype=\"https:\/\/schema.org\/ImageObject\" ><div class=\"avia-image-container-inner\"><div class=\"avia-image-overlay-wrap\"><a href=\"https:\/\/boulder.earth\/wp-content\/uploads\/2023\/10\/fracking-the-system-23-666x1030.jpg\" data-srcset=\"https:\/\/boulder.earth\/wp-content\/uploads\/2023\/10\/fracking-the-system-23-666x1030.jpg 666w, https:\/\/boulder.earth\/wp-content\/uploads\/2023\/10\/fracking-the-system-23-194x300.jpg 194w, https:\/\/boulder.earth\/wp-content\/uploads\/2023\/10\/fracking-the-system-23-768x1187.jpg 768w, https:\/\/boulder.earth\/wp-content\/uploads\/2023\/10\/fracking-the-system-23-994x1536.jpg 994w, https:\/\/boulder.earth\/wp-content\/uploads\/2023\/10\/fracking-the-system-23-8x12.jpg 8w, https:\/\/boulder.earth\/wp-content\/uploads\/2023\/10\/fracking-the-system-23-970x1500.jpg 970w, https:\/\/boulder.earth\/wp-content\/uploads\/2023\/10\/fracking-the-system-23-456x705.jpg 456w, https:\/\/boulder.earth\/wp-content\/uploads\/2023\/10\/fracking-the-system-23.jpg 1035w\" data-sizes=\"(max-width: 666px) 100vw, 666px\" class='avia_image'  aria-label='fracking-el-sistema-23'><img decoding=\"async\" fetchpriority=\"high\" class='wp-image-5482765 avia-img-lazy-loading-not-5482765 avia_image' src=\"https:\/\/boulder.earth\/wp-content\/uploads\/2023\/10\/fracking-the-system-23-666x1030.jpg\" alt='' title='fracking-el-sistema-23'  height=\"1030\" width=\"666\"  itemprop=\"thumbnailUrl\" srcset=\"https:\/\/boulder.earth\/wp-content\/uploads\/2023\/10\/fracking-the-system-23-666x1030.jpg 666w, https:\/\/boulder.earth\/wp-content\/uploads\/2023\/10\/fracking-the-system-23-194x300.jpg 194w, https:\/\/boulder.earth\/wp-content\/uploads\/2023\/10\/fracking-the-system-23-768x1187.jpg 768w, https:\/\/boulder.earth\/wp-content\/uploads\/2023\/10\/fracking-the-system-23-994x1536.jpg 994w, https:\/\/boulder.earth\/wp-content\/uploads\/2023\/10\/fracking-the-system-23-8x12.jpg 8w, https:\/\/boulder.earth\/wp-content\/uploads\/2023\/10\/fracking-the-system-23-970x1500.jpg 970w, https:\/\/boulder.earth\/wp-content\/uploads\/2023\/10\/fracking-the-system-23-456x705.jpg 456w, https:\/\/boulder.earth\/wp-content\/uploads\/2023\/10\/fracking-the-system-23.jpg 1035w\" sizes=\"(max-width: 666px) 100vw, 666px\" \/><\/a><\/div><\/div><\/div><\/div><div  class='flex_column av-9ut0lsf4-bf0cb6d779a032b272e76128db4204f8 av_one_half  avia-builder-el-6  el_after_av_one_half  el_before_av_one_half  flex_column_div  column-top-margin'     ><section  class='av_textblock_section av-lnni02u0-16f15e97d3f589d927b19d1a57c1999d'   itemscope=\"itemscope\" itemtype=\"https:\/\/schema.org\/BlogPosting\" itemprop=\"blogPost\" ><div class='avia_textblock'  itemprop=\"text\" ><h3>Presentaci\u00f3n de la pel\u00edcula<\/h3>\n<p>Green Faith del condado de Boulder y el Centro de Resiliencia y Regeneraci\u00f3n Joanna Macy de la Universidad Naropa van a mostrar el documental sobre fracturaci\u00f3n hidr\u00e1ulica <a href=\"https:\/\/www.youtube.com\/watch?v=T-azhfhG0H0\" target=\"_blank\" rel=\"noopener\">Fracking the System<\/a> Green Faith del condado de Boulder y el Centro de Resiliencia y Regeneraci\u00f3n Joanna Macy de la Universidad Naropa van a mostrar el documental sobre fracturaci\u00f3n hidr\u00e1ulica \u201cFracking the System\u201d el jueves 19 de octubre a las 6:30 pm. Este es un esfuerzo por aumentar el poder de las 700 marchas de #endfossilfuels realizadas en 65 pa\u00edses, en los siete continentes, donde se congregaron unos 600,000 participantes.<\/p>\n<p><a href=\"https:\/\/www.eventbrite.com\/e\/film-fracking-the-system-colorados-oil-and-gas-wars-work-in-progress-tickets-723586224877\" target=\"_blank\" rel=\"noopener\">Ent\u00e9rese m\u00e1s y adquiera sus entradas, aqu\u00ed<\/a><\/p>\n<\/div><\/section><\/div><\/p>\n<div  class='flex_column av-8trvhqcg-d8f7f8b4408f6e240c219213c9018da3 av_one_half  avia-builder-el-8  el_after_av_one_half  el_before_av_one_half  first flex_column_div  column-top-margin'     ><section  class='av_textblock_section av-lnnf0yat-5e2105bd14b6647c7445cb8688442d5d'   itemscope=\"itemscope\" itemtype=\"https:\/\/schema.org\/BlogPosting\" itemprop=\"blogPost\" ><div class='avia_textblock'  itemprop=\"text\" ><h3>Ayuntamiento de Justicia Ambiental<\/h3>\n<p><b>Los comit\u00e9s de Justicia Ambiental y Asuntos Religiosos de la sede de la NAACP de Boulder <\/b><span style=\"font-weight: 400;\">est\u00e1n organizando una asamblea p\u00fablica el domingo 29 de octubre, de 3-5 pm, cuyo objetivo es la convergencia de los esfuerzos de justicia ambiental en el condado de Boulder. Citando las palabras del doctor Martin Luther King Jr: \u201caquellos que aman la paz, deben aprender a organizarse de la misma manera efectiva en que lo hacen aquellos que aman la guerra.\u201d<\/span><\/p>\n<\/div><\/section><\/div>\n<div  class='flex_column av-6p1c6tgg-8cf9b7fa7186b1a09063ea53bfc7655a av_one_half  avia-builder-el-10  el_after_av_one_half  el_before_av_one_half  flex_column_div  column-top-margin'     ><style type=\"text\/css\" data-created_by=\"avia_inline_auto\" id=\"style-css-av-4808o8f4-439232d1d4f9b0550a185f125141c103\">\n.avia-image-container.av-4808o8f4-439232d1d4f9b0550a185f125141c103 img.avia_image{\nbox-shadow:none;\n}\n.avia-image-container.av-4808o8f4-439232d1d4f9b0550a185f125141c103 .av-image-caption-overlay-center{\ncolor:#ffffff;\n}\n<\/style>\n<div  class='avia-image-container av-4808o8f4-439232d1d4f9b0550a185f125141c103 av-styling- avia-align-center  avia-builder-el-11  avia-builder-el-no-sibling'   itemprop=\"image\" itemscope=\"itemscope\" itemtype=\"https:\/\/schema.org\/ImageObject\" ><div class=\"avia-image-container-inner\"><div class=\"avia-image-overlay-wrap\"><img decoding=\"async\" fetchpriority=\"high\" class='wp-image-5482683 avia-img-lazy-loading-not-5482683 avia_image' src=\"https:\/\/boulder.earth\/wp-content\/uploads\/2023\/10\/naacp.png\" alt='' title='naacp'  height=\"512\" width=\"396\"  itemprop=\"thumbnailUrl\" srcset=\"https:\/\/boulder.earth\/wp-content\/uploads\/2023\/10\/naacp.png 396w, https:\/\/boulder.earth\/wp-content\/uploads\/2023\/10\/naacp-232x300.png 232w, https:\/\/boulder.earth\/wp-content\/uploads\/2023\/10\/naacp-9x12.png 9w\" sizes=\"(max-width: 396px) 100vw, 396px\" \/><\/div><\/div><\/div><\/div>\n<div  class='flex_column av-5xqb5bxc-ca1beefa098e52e5d745231a40d71fa6 av_one_half  avia-builder-el-12  el_after_av_one_half  el_before_av_one_half  first flex_column_div  column-top-margin'     ><style type=\"text\/css\" data-created_by=\"avia_inline_auto\" id=\"style-css-av-lnni5bo5-14601d0ef3341c0a5d7e341d6ba1db11\">\n.avia-image-container.av-lnni5bo5-14601d0ef3341c0a5d7e341d6ba1db11 img.avia_image{\nbox-shadow:none;\n}\n.avia-image-container.av-lnni5bo5-14601d0ef3341c0a5d7e341d6ba1db11 .av-image-caption-overlay-center{\ncolor:#ffffff;\n}\n<\/style>\n<div  class='avia-image-container av-lnni5bo5-14601d0ef3341c0a5d7e341d6ba1db11 av-styling- avia-align-center  avia-builder-el-13  avia-builder-el-no-sibling'   itemprop=\"image\" itemscope=\"itemscope\" itemtype=\"https:\/\/schema.org\/ImageObject\" ><div class=\"avia-image-container-inner\"><div class=\"avia-image-overlay-wrap\"><img decoding=\"async\" fetchpriority=\"high\" class='wp-image-5478116 avia-img-lazy-loading-not-5478116 avia_image' src=\"https:\/\/boulder.earth\/wp-content\/uploads\/2022\/08\/cjc-boulder.png\" alt='' title='cjc-canto rodado'  height=\"200\" width=\"300\"  itemprop=\"thumbnailUrl\" srcset=\"https:\/\/boulder.earth\/wp-content\/uploads\/2022\/08\/cjc-boulder.png 300w, https:\/\/boulder.earth\/wp-content\/uploads\/2022\/08\/cjc-boulder-18x12.png 18w\" sizes=\"(max-width: 300px) 100vw, 300px\" \/><\/div><\/div><\/div><\/div>\n<div  class='flex_column av-fxmu9pc-e4edc5ea7e7128c3320571a3549a172f av_one_half  avia-builder-el-14  el_after_av_one_half  el_before_av_one_half  flex_column_div  column-top-margin'     ><section  class='av_textblock_section av-lnnf1ejc-80fdfaee7c39e4beb25ea4b396bd3682'   itemscope=\"itemscope\" itemtype=\"https:\/\/schema.org\/BlogPosting\" itemprop=\"blogPost\" ><div class='avia_textblock'  itemprop=\"text\" ><h3>Informe de partes interesadas del CJC<\/h3>\n<p>El Colaborativo de Justicia Clim\u00e1tica del condado de Boulder (CJC, por sus siglas en ingl\u00e9s) refuerza y apoya a los movimientos de esta \u00e1rea que se organizan a favor de la justicia clim\u00e1tica. <a href=\"https:\/\/boulder.earth\/wp-content\/uploads\/2023\/10\/CJC-Stakeholder-Report2023.pdf\" target=\"_blank\" rel=\"noopener\">Lea su informe m\u00e1s reciente para las partes de interesadas, aqu\u00ed.<\/a>.<\/p>\n<\/div><\/section><\/div>\n<div  class='flex_column av-2z0zl4ww-ad12e152a55401efa7583d020e0ffd73 av_one_half  avia-builder-el-16  el_after_av_one_half  el_before_av_one_half  first flex_column_div  column-top-margin'     ><section  class='av_textblock_section av-lnnia9sv-3de70e55d7a7316951d83f9de7d3966e'   itemscope=\"itemscope\" itemtype=\"https:\/\/schema.org\/BlogPosting\" itemprop=\"blogPost\" ><div class='avia_textblock'  itemprop=\"text\" ><h3>Aportes p\u00fablicos para el plan de manejo de malezas<\/h3>\n<p>Por primera vez desde el 2004, el Departamento de Parques y Espacios Abiertos del condado de Boulder est\u00e1 actualizando su Plan de Manejo de Malezas y las pol\u00edticas de uso de herbicidas. El p\u00fablico en general puede dar su opini\u00f3n a trav\u00e9s de una<a href=\"https:\/\/www.surveymonkey.com\/r\/GBJXBVB\" target=\"_blank\" rel=\"noopener\"> encuesta<\/a> que estar\u00e1 disponible hasta el 18 de octubre. <a href=\"https:\/\/www.pesticidesbouldercounty.org\/\" target=\"_blank\" rel=\"noopener\">Aqu\u00ed<\/a>encontrar\u00e1 m\u00e1s informaci\u00f3n y los m\u00e9todos alternativos que el condado est\u00e1 usando para restaurar y preservar la salud del ecosistema.<\/p>\n<\/div><\/section><\/div>\n<div  class='flex_column av-2ju2k9ls-b4a2d99d12a578b1b9d05b52e0c92a9c av_one_half  avia-builder-el-18  el_after_av_one_half  el_before_av_one_full  flex_column_div  column-top-margin'     ><style type=\"text\/css\" data-created_by=\"avia_inline_auto\" id=\"style-css-av-lnnibf1b-1b09efa522bf9c1e093e72635faadbea\">\n.avia-image-container.av-lnnibf1b-1b09efa522bf9c1e093e72635faadbea img.avia_image{\nbox-shadow:none;\n}\n.avia-image-container.av-lnnibf1b-1b09efa522bf9c1e093e72635faadbea .av-image-caption-overlay-center{\ncolor:#ffffff;\n}\n<\/style>\n<div  class='avia-image-container av-lnnibf1b-1b09efa522bf9c1e093e72635faadbea av-styling- avia-align-center  avia-builder-el-19  avia-builder-el-no-sibling'   itemprop=\"image\" itemscope=\"itemscope\" itemtype=\"https:\/\/schema.org\/ImageObject\" ><div class=\"avia-image-container-inner\"><div class=\"avia-image-overlay-wrap\"><img decoding=\"async\" fetchpriority=\"high\" class='wp-image-5482685 avia-img-lazy-loading-not-5482685 avia_image' src=\"https:\/\/boulder.earth\/wp-content\/uploads\/2023\/10\/draft-integrated-weed-management-plan.jpeg\" alt='' title='borrador-plan-de-manejo-integrado-de-malezas'  height=\"971\" width=\"750\"  itemprop=\"thumbnailUrl\" srcset=\"https:\/\/boulder.earth\/wp-content\/uploads\/2023\/10\/draft-integrated-weed-management-plan.jpeg 750w, https:\/\/boulder.earth\/wp-content\/uploads\/2023\/10\/draft-integrated-weed-management-plan-232x300.jpeg 232w, https:\/\/boulder.earth\/wp-content\/uploads\/2023\/10\/draft-integrated-weed-management-plan-9x12.jpeg 9w, https:\/\/boulder.earth\/wp-content\/uploads\/2023\/10\/draft-integrated-weed-management-plan-545x705.jpeg 545w\" sizes=\"(max-width: 750px) 100vw, 750px\" \/><\/div><\/div><\/div><\/div>\n<div  class='flex_column av-ax7b3ts-4f13ca9c58d679a7db6c8f6accaf31a9 av_one_full  avia-builder-el-20  el_after_av_one_half  avia-builder-el-last  first flex_column_div  column-top-margin'     ><section  class='av_textblock_section av-lnni6jug-3828a41b9861ff6e23eb8895bf9769ae'   itemscope=\"itemscope\" itemtype=\"https:\/\/schema.org\/BlogPosting\" itemprop=\"blogPost\" ><div class='avia_textblock'  itemprop=\"text\" ><h3><span style=\"font-weight: 400;\">El segundo cumplea\u00f1os de la colmena<\/span><\/h3>\n<p><span style=\"font-weight: 400;\">El Hive de Justicia Clim\u00e1tica de BoCo maneja la p\u00e1gina web de Boulder.Earth. Gracias por estos dos hermosos a\u00f1os de colaboraci\u00f3n e inspiraci\u00f3n. \u00a1Y que vengan muchos m\u00e1s!<\/span><\/p>\n<\/div><\/section><br \/>\n\n<style type=\"text\/css\" data-created_by=\"avia_inline_auto\" id=\"style-css-av-2hnufy8w-ef442aeec868b72e196cc6b91dab3f38\">\n.avia-image-container.av-2hnufy8w-ef442aeec868b72e196cc6b91dab3f38 img.avia_image{\nbox-shadow:none;\n}\n.avia-image-container.av-2hnufy8w-ef442aeec868b72e196cc6b91dab3f38 .av-image-caption-overlay-center{\ncolor:#ffffff;\n}\n<\/style>\n<div  class='avia-image-container av-2hnufy8w-ef442aeec868b72e196cc6b91dab3f38 av-styling- av-img-linked avia-align-center  avia-builder-el-22  el_after_av_textblock  el_before_av_textblock'   itemprop=\"image\" itemscope=\"itemscope\" itemtype=\"https:\/\/schema.org\/ImageObject\" ><div class=\"avia-image-container-inner\"><div class=\"avia-image-overlay-wrap\"><a href=\"https:\/\/boulder.earth\/wp-content\/uploads\/2023\/10\/hive-crew-bday23-1030x774.jpg\" data-srcset=\"https:\/\/boulder.earth\/wp-content\/uploads\/2023\/10\/hive-crew-bday23-1030x774.jpg 1030w, https:\/\/boulder.earth\/wp-content\/uploads\/2023\/10\/hive-crew-bday23-300x225.jpg 300w, https:\/\/boulder.earth\/wp-content\/uploads\/2023\/10\/hive-crew-bday23-768x577.jpg 768w, https:\/\/boulder.earth\/wp-content\/uploads\/2023\/10\/hive-crew-bday23-16x12.jpg 16w, https:\/\/boulder.earth\/wp-content\/uploads\/2023\/10\/hive-crew-bday23-705x530.jpg 705w, https:\/\/boulder.earth\/wp-content\/uploads\/2023\/10\/hive-crew-bday23.jpg 1400w\" data-sizes=\"(max-width: 1030px) 100vw, 1030px\" class='avia_image'  aria-label='equipo-de-colmena-cumplea\u00f1os23'><img decoding=\"async\" fetchpriority=\"high\" class='wp-image-5482766 avia-img-lazy-loading-not-5482766 avia_image' src=\"https:\/\/boulder.earth\/wp-content\/uploads\/2023\/10\/hive-crew-bday23-1030x774.jpg\" alt='' title='equipo-de-colmena-cumplea\u00f1os23'  height=\"774\" width=\"1030\"  itemprop=\"thumbnailUrl\" srcset=\"https:\/\/boulder.earth\/wp-content\/uploads\/2023\/10\/hive-crew-bday23-1030x774.jpg 1030w, https:\/\/boulder.earth\/wp-content\/uploads\/2023\/10\/hive-crew-bday23-300x225.jpg 300w, https:\/\/boulder.earth\/wp-content\/uploads\/2023\/10\/hive-crew-bday23-768x577.jpg 768w, https:\/\/boulder.earth\/wp-content\/uploads\/2023\/10\/hive-crew-bday23-16x12.jpg 16w, https:\/\/boulder.earth\/wp-content\/uploads\/2023\/10\/hive-crew-bday23-705x530.jpg 705w, https:\/\/boulder.earth\/wp-content\/uploads\/2023\/10\/hive-crew-bday23.jpg 1400w\" sizes=\"(max-width: 1030px) 100vw, 1030px\" \/><\/a><\/div><\/div><\/div><br \/>\n<section  class='av_textblock_section av-lnnf2phi-884b3b11acee682cce6c17aeee2c8c28'   itemscope=\"itemscope\" itemtype=\"https:\/\/schema.org\/BlogPosting\" itemprop=\"blogPost\" ><div class='avia_textblock'  itemprop=\"text\" ><p><b>La comunidad se uni\u00f3 para celebrar el segundo cumplea\u00f1os del Hive.<\/b><\/p>\n<p><i><span style=\"font-weight: 400;\">Izquierda a derecha en la fila de atr\u00e1s: Marianne Shiple, Iris Prieto, Alexis Bullen, Seann Goodman, Gaia Mika, Carolina Neri, Luna Rosal, Lodi Siefer, Alejandro Garc\u00eda, Myrna Morales<\/span><\/i><\/p>\n<p><i><span style=\"font-weight: 400;\">Izquierda a derecha adelante en la fila de adelante: Alejandro Murillo, Katie Doyle-Myers, Micha Kurz, Anna-Gray Anderson, Cat Pantaleo<\/span><\/i><\/p>\n<\/div><\/section><\/p><\/div>","protected":false},"excerpt":{"rendered":"<p>En esta comunidad est\u00e1n ocurriendo muchos esfuerzos y eventos maravillosos. \u00a1Gracias por ser parte de esto! Aqu\u00ed hay algunos aspectos destacados...<\/p>","protected":false},"author":1,"featured_media":5482706,"comment_status":"closed","ping_status":"open","sticky":false,"template":"","format":"standard","meta":{"footnotes":""},"categories":[322],"tags":[],"class_list":["post-5482656","post","type-post","status-publish","format-standard","has-post-thumbnail","hentry","category-blog"],"_links":{"self":[{"href":"https:\/\/boulder.earth\/es\/wp-json\/wp\/v2\/posts\/5482656","targetHints":{"allow":["GET"]}}],"collection":[{"href":"https:\/\/boulder.earth\/es\/wp-json\/wp\/v2\/posts"}],"about":[{"href":"https:\/\/boulder.earth\/es\/wp-json\/wp\/v2\/types\/post"}],"author":[{"embeddable":true,"href":"https:\/\/boulder.earth\/es\/wp-json\/wp\/v2\/users\/1"}],"replies":[{"embeddable":true,"href":"https:\/\/boulder.earth\/es\/wp-json\/wp\/v2\/comments?post=5482656"}],"version-history":[{"count":6,"href":"https:\/\/boulder.earth\/es\/wp-json\/wp\/v2\/posts\/5482656\/revisions"}],"predecessor-version":[{"id":5482768,"href":"https:\/\/boulder.earth\/es\/wp-json\/wp\/v2\/posts\/5482656\/revisions\/5482768"}],"wp:featuredmedia":[{"embeddable":true,"href":"https:\/\/boulder.earth\/es\/wp-json\/wp\/v2\/media\/5482706"}],"wp:attachment":[{"href":"https:\/\/boulder.earth\/es\/wp-json\/wp\/v2\/media?parent=5482656"}],"wp:term":[{"taxonomy":"category","embeddable":true,"href":"https:\/\/boulder.earth\/es\/wp-json\/wp\/v2\/categories?post=5482656"},{"taxonomy":"post_tag","embeddable":true,"href":"https:\/\/boulder.earth\/es\/wp-json\/wp\/v2\/tags?post=5482656"}],"curies":[{"name":"wp","href":"https:\/\/api.w.org\/{rel}","templated":true}]}}