{"id":6463818,"date":"2025-04-07T12:42:38","date_gmt":"2025-04-07T18:42:38","guid":{"rendered":"https:\/\/boulder.earth\/?p=6463818"},"modified":"2025-04-07T12:45:41","modified_gmt":"2025-04-07T18:45:41","slug":"building-connections-driving-change","status":"publish","type":"post","link":"https:\/\/boulder.earth\/es\/building-connections-driving-change\/","title":{"rendered":"Construyendo conexiones, impulsando el cambio"},"content":{"rendered":"<div  class='flex_column av-bus2gn62-7464fa3d9875dbcd14130d6761a52677 av_one_full  avia-builder-el-0  el_before_av_one_third  avia-builder-el-first  first flex_column_div'     ><p>\n<style type=\"text\/css\" data-created_by=\"avia_inline_auto\" id=\"style-css-av-m97f4zvr-8f5223dead2d2648d1e15921e57ca559\">\n.avia-image-container.av-m97f4zvr-8f5223dead2d2648d1e15921e57ca559 img.avia_image{\nbox-shadow:none;\n}\n.avia-image-container.av-m97f4zvr-8f5223dead2d2648d1e15921e57ca559 .av-image-caption-overlay-center{\ncolor:#ffffff;\n}\n<\/style>\n<div  class='avia-image-container av-m97f4zvr-8f5223dead2d2648d1e15921e57ca559 av-styling- avia-align-center  avia-builder-el-1  el_before_av_textblock  avia-builder-el-first'   itemprop=\"image\" itemscope=\"itemscope\" itemtype=\"https:\/\/schema.org\/ImageObject\" ><div class=\"avia-image-container-inner\"><div class=\"avia-image-overlay-wrap\"><img decoding=\"async\" fetchpriority=\"high\" class='wp-image-6463829 avia-img-lazy-loading-not-6463829 avia_image' src=\"https:\/\/boulder.earth\/wp-content\/uploads\/2025\/04\/hive-spring-violets-topper.jpg\" alt='' title='violetas de primavera de colmena'  height=\"240\" width=\"1000\"  itemprop=\"thumbnailUrl\" srcset=\"https:\/\/boulder.earth\/wp-content\/uploads\/2025\/04\/hive-spring-violets-topper.jpg 1000w, https:\/\/boulder.earth\/wp-content\/uploads\/2025\/04\/hive-spring-violets-topper-300x72.jpg 300w, https:\/\/boulder.earth\/wp-content\/uploads\/2025\/04\/hive-spring-violets-topper-768x184.jpg 768w, https:\/\/boulder.earth\/wp-content\/uploads\/2025\/04\/hive-spring-violets-topper-18x4.jpg 18w, https:\/\/boulder.earth\/wp-content\/uploads\/2025\/04\/hive-spring-violets-topper-705x169.jpg 705w\" sizes=\"(max-width: 1000px) 100vw, 1000px\" \/><\/div><\/div><\/div><br \/>\n<section  class='av_textblock_section av-m97etsvo-498d1a4dc0107b38d47e070478d7ea4d'   itemscope=\"itemscope\" itemtype=\"https:\/\/schema.org\/BlogPosting\" itemprop=\"blogPost\" ><div class='avia_textblock'  itemprop=\"text\" ><h3>Bolet\u00edn de fin de invierno\/principio de primavera<\/h3>\n<h1>Construyendo conexiones, impulsando el cambio<\/h1>\n<p>\u2014 7 de abril de 2025 \u2014<\/p>\n<p>Queridos amigos, vecinos y aliados:<\/p>\n<p>A medida que nos deshacemos de las \u00faltimas heladas del invierno y nos adentramos en d\u00edas m\u00e1s largos, sentimos el cambio, no solo en las estaciones, sino tambi\u00e9n en nuestro panorama organizativo. La primavera trae m\u00e1s que sol. Trae movimiento. Y llega en un momento en que nuestra claridad y colaboraci\u00f3n colectivas son profundamente necesarias.<\/p>\n<p>Vivimos un momento delicado y delicado a la vez. En las \u00faltimas semanas, la secci\u00f3n de la NAACP de Boulder cerr\u00f3 sus puertas. El programa INVST de la Universidad de Colorado en Boulder, un centro de formaci\u00f3n para activistas estudiantiles, fue cancelado discretamente. Estas p\u00e9rdidas son m\u00e1s que simb\u00f3licas. Apuntan a algo m\u00e1s grande: las instituciones que una vez defendieron la justicia est\u00e1n desapareciendo, desgastadas por la falta de fondos, el exceso de trabajo y los cambios en los vientos pol\u00edticos.<\/p>\n<p>Y no solo ocurre aqu\u00ed. En todo el mundo \u2014desde Estados Unidos hasta Israel\/Palestina, Polonia, Hungr\u00eda, India y m\u00e1s all\u00e1\u2014 presenciamos el auge y el afianzamiento de reg\u00edmenes autocr\u00e1ticos. El espacio c\u00edvico se est\u00e1 reduciendo. Las libertades de expresi\u00f3n y movimiento est\u00e1n bajo ataque. Los movimientos de base est\u00e1n siendo criminalizados, y comunidades enteras est\u00e1n siendo vigiladas, desplazadas y silenciadas. Este es un patr\u00f3n global de control y represi\u00f3n, y exige una respuesta global basada en la atenci\u00f3n, la estrategia y la solidaridad.<\/p>\n<p>Al mismo tiempo, es evidente que muchos de los sistemas en los que operamos nunca se dise\u00f1aron para fomentar una verdadera colaboraci\u00f3n. Nos instan a trabajar juntos, pero nos obligan a competir por financiaci\u00f3n, reconocimiento y espacio. El resultado es agotamiento, fragmentaci\u00f3n y una sensaci\u00f3n de inutilidad dif\u00edcil de superar.<\/p>\n<p>Y, sin embargo, hay otra manera.<\/p>\n<\/div><\/section><\/p><\/div>\n<div  class='flex_column av-amo8l51m-3f396172428dbb3de799f442615d9b87 av_one_third  avia-builder-el-3  el_after_av_one_full  el_before_av_two_third  first flex_column_div  column-top-margin'     ><style type=\"text\/css\" data-created_by=\"avia_inline_auto\" id=\"style-css-av-m97ex4yg-44d8ab2a315d048cba91492d2af4f6c0\">\n.avia-image-container.av-m97ex4yg-44d8ab2a315d048cba91492d2af4f6c0 img.avia_image{\nbox-shadow:none;\n}\n.avia-image-container.av-m97ex4yg-44d8ab2a315d048cba91492d2af4f6c0 .av-image-caption-overlay-center{\ncolor:#ffffff;\n}\n<\/style>\n<div  class='avia-image-container av-m97ex4yg-44d8ab2a315d048cba91492d2af4f6c0 av-styling- avia-align-center  avia-builder-el-4  avia-builder-el-no-sibling'   itemprop=\"image\" itemscope=\"itemscope\" itemtype=\"https:\/\/schema.org\/ImageObject\" ><div class=\"avia-image-container-inner\"><div class=\"avia-image-overlay-wrap\"><img decoding=\"async\" fetchpriority=\"high\" class='wp-image-6463819 avia-img-lazy-loading-not-6463819 avia_image' src=\"https:\/\/boulder.earth\/wp-content\/uploads\/2025\/04\/hivelogo-programs-193x300.jpg\" alt='' title='programas de hivelogo'  height=\"300\" width=\"193\"  itemprop=\"thumbnailUrl\" srcset=\"https:\/\/boulder.earth\/wp-content\/uploads\/2025\/04\/hivelogo-programs-193x300.jpg 193w, https:\/\/boulder.earth\/wp-content\/uploads\/2025\/04\/hivelogo-programs-8x12.jpg 8w, https:\/\/boulder.earth\/wp-content\/uploads\/2025\/04\/hivelogo-programs.jpg 400w\" sizes=\"(max-width: 193px) 100vw, 193px\" \/><\/div><\/div><\/div><\/div>\n<div  class='flex_column av-9namtkqy-8965a790d42f343b6a7c469d5b4ce24f av_two_third  avia-builder-el-5  el_after_av_one_third  el_before_av_one_full  flex_column_div  column-top-margin'     ><section  class='av_textblock_section av-m97ev7kp-40d5eaae9688270b573a5b21a53e209d'   itemscope=\"itemscope\" itemtype=\"https:\/\/schema.org\/BlogPosting\" itemprop=\"blogPost\" ><div class='avia_textblock'  itemprop=\"text\" ><p><b>Presentamos la Colmena de Justicia Clim\u00e1tica<\/b><b><br \/>\n<\/b>Nos enorgullece compartir que Climate Justice Hive ahora es una organizaci\u00f3n sin fines de lucro registrada como 501(c)(3). Esta decisi\u00f3n no se tom\u00f3 a la ligera. A medida que los patrocinadores fiscales tradicionales se retiran gradualmente y surge una nueva generaci\u00f3n de l\u00edderes de base, nos involucramos para crear una infraestructura basada en el cuidado, la justicia y el prop\u00f3sito colectivo.<\/p>\n<p>Ahora ofrecemos patrocinio fiscal a proyectos comunitarios de base, de primera l\u00ednea y alineados con los valores de la justicia clim\u00e1tica y social. No se trata solo de brindar un espacio legal, sino de construir un ecosistema de apoyo.\u00a0<i>No te organices solo<\/i>\u00a0Estamos aqu\u00ed para asegurarnos de que usted no tenga que hacerlo.<\/p>\n<h4>Estamos entusiasmados de compartir la oportunidad de profundizar este trabajo juntos:<\/h4>\n<\/div><\/section><\/div>\n\n<style type=\"text\/css\" data-created_by=\"avia_inline_auto\" id=\"style-css-av-8mir49fu-15762426b673138becf410cc34d7d081\">\n.flex_column.av-8mir49fu-15762426b673138becf410cc34d7d081{\npadding:10px 0 10px 0;\n}\n<\/style>\n<div  class='flex_column av-8mir49fu-15762426b673138becf410cc34d7d081 av_one_full  avia-builder-el-7  el_after_av_two_third  el_before_av_two_third  first flex_column_div  column-top-margin'     ><section  class='av_textblock_section av-m97f04d5-a3322b4f9c9b75049cf763462e88059f'   itemscope=\"itemscope\" itemtype=\"https:\/\/schema.org\/BlogPosting\" itemprop=\"blogPost\" ><div class='avia_textblock'  itemprop=\"text\" ><h2 style=\"text-align: center;\"><span style=\"color: #706082;\">Reconectando para un futuro justo y regenerativo<\/span><\/h2>\n<\/div><\/section><\/div><div  class='flex_column av-7fr7qhqi-acfa820f51ad3609cbe6247b361bf1f0 av_two_third  avia-builder-el-9  el_after_av_one_full  el_before_av_one_third  first flex_column_div  column-top-margin'     ><section  class='av_textblock_section av-6bwuxlfu-4998deef5e4fd06619bcef4ff24292bc'   itemscope=\"itemscope\" itemtype=\"https:\/\/schema.org\/BlogPosting\" itemprop=\"blogPost\" ><div class='avia_textblock'  itemprop=\"text\" ><p>Acomp\u00e1\u00f1enos del 11 al 13 de abril en el Campus Nalanda de la Universidad Naropa para una conferencia transformadora de tres d\u00edas, como parte de las celebraciones del 50.\u00ba aniversario de Naropa. Este evento, tanto presencial como virtual, se centrar\u00e1 en la justicia socioecol\u00f3gica a trav\u00e9s de un marco de liberaci\u00f3n colectiva, abordando nuestra policrisis actual y visualizando caminos hacia un futuro justo, resiliente y regenerativo. Este encuentro se alinea profundamente con nuestra misi\u00f3n en la Colmena de Justicia Clim\u00e1tica. Animamos a todos los miembros de la comunidad a participar, a entablar un di\u00e1logo significativo y a forjar v\u00ednculos que fortalezcan nuestros esfuerzos colectivos.<\/p>\n<\/div><\/section><\/div><div  class='flex_column av-4ci00lsa-470f5dd4b792039c3e25e1f08c9f1940 av_one_third  avia-builder-el-11  el_after_av_two_third  el_before_av_one_full  flex_column_div  column-top-margin'     ><p>\n<style type=\"text\/css\" data-created_by=\"avia_inline_auto\" id=\"style-css-av-m97ez6qt-38ce96505871edafc614b62f724e24d4\">\n.avia-image-container.av-m97ez6qt-38ce96505871edafc614b62f724e24d4 img.avia_image{\nbox-shadow:none;\n}\n.avia-image-container.av-m97ez6qt-38ce96505871edafc614b62f724e24d4 .av-image-caption-overlay-center{\ncolor:#ffffff;\n}\n<\/style>\n<div  class='avia-image-container av-m97ez6qt-38ce96505871edafc614b62f724e24d4 av-styling- av-img-linked avia-align-center  avia-builder-el-12  el_before_av_textblock  avia-builder-el-first'   itemprop=\"image\" itemscope=\"itemscope\" itemtype=\"https:\/\/schema.org\/ImageObject\" ><div class=\"avia-image-container-inner\"><div class=\"avia-image-overlay-wrap\"><a href=\"https:\/\/www.naropa.edu\/reconnecting-for-just-and-regenerative-future\/\" class='avia_image'  target=\"_blank\"  rel=\"noopener noreferrer\" aria-label='Conferencia de reconexi\u00f3n'><img decoding=\"async\" fetchpriority=\"high\" class='wp-image-6463820 avia-img-lazy-loading-not-6463820 avia_image' src=\"https:\/\/boulder.earth\/wp-content\/uploads\/2025\/04\/reconnecting-Conference.jpg\" alt='' title='Conferencia de reconexi\u00f3n'  height=\"470\" width=\"940\"  itemprop=\"thumbnailUrl\" srcset=\"https:\/\/boulder.earth\/wp-content\/uploads\/2025\/04\/reconnecting-Conference.jpg 940w, https:\/\/boulder.earth\/wp-content\/uploads\/2025\/04\/reconnecting-Conference-300x150.jpg 300w, https:\/\/boulder.earth\/wp-content\/uploads\/2025\/04\/reconnecting-Conference-768x384.jpg 768w, https:\/\/boulder.earth\/wp-content\/uploads\/2025\/04\/reconnecting-Conference-18x9.jpg 18w, https:\/\/boulder.earth\/wp-content\/uploads\/2025\/04\/reconnecting-Conference-705x353.jpg 705w\" sizes=\"(max-width: 940px) 100vw, 940px\" \/><\/a><\/div><\/div><\/div><br \/>\n<section  class='av_textblock_section av-m97f2d5g-726f41af8e2da1a07edd16d0d48af277'   itemscope=\"itemscope\" itemtype=\"https:\/\/schema.org\/BlogPosting\" itemprop=\"blogPost\" ><div class='avia_textblock'  itemprop=\"text\" ><p><a href=\"https:\/\/www.naropa.edu\/reconnecting-for-just-and-regenerative-future\/\" target=\"_blank\" rel=\"noopener\">Para m\u00e1s detalles e inscripci\u00f3n, visite la p\u00e1gina de eventos de la Universidad de Naropa.<\/a>.<\/p>\n<\/div><\/section><\/p><\/div><\/p>\n<div  class='flex_column av-2xxb9u4q-86625b2281aa0d95a6e66d003cbe5d72 av_one_full  avia-builder-el-14  el_after_av_one_third  avia-builder-el-last  first flex_column_div  column-top-margin'     ><section  class='av_textblock_section av-1k8jlo0a-914a1f4cf6a2e6ae92ecdc2adc4ed358'   itemscope=\"itemscope\" itemtype=\"https:\/\/schema.org\/BlogPosting\" itemprop=\"blogPost\" ><div class='avia_textblock'  itemprop=\"text\" ><h2>Construyamos el futuro que merecemos<\/h2>\n<p>Lleg\u00f3 la primavera y es hora de ponerse en marcha. Ya sea que te organices en un \u00e1rea tem\u00e1tica espec\u00edfica, te familiarices con los sistemas desde dentro o simplemente quieras aprender a conectar, te invitamos a conectar con nosotros.<\/p>\n<p>En la Colmena, estamos comprometidos a largo plazo. Nuestro trabajo se basa en relaciones profundas, estrategia y la firme convicci\u00f3n de que podemos construir las condiciones para la liberaci\u00f3n colectiva.<\/p>\n<p>Ante el creciente autoritarismo, nos apoyamos mutuamente. En un mundo que busca aislar y dividir, optamos por la colaboraci\u00f3n, optamos por la comunidad.<br \/>\nNo compitamos. Coordin\u00e9monos.<br \/>\nNo sobrevivamos. Prosperemos.<br \/>\n<b>No te organices solo<\/b><\/p>\n<p>En solidaridad y acci\u00f3n,<br \/>\n<b>El equipo de Justicia Clim\u00e1tica del Hive<\/b><\/p>\n<\/div><\/section><\/div>","protected":false},"excerpt":{"rendered":"<p>A medida que nos deshacemos de las \u00faltimas heladas del invierno y nos adentramos en d\u00edas m\u00e1s largos, sentimos el cambio, no solo en las estaciones, sino tambi\u00e9n en nuestro panorama organizativo. La primavera trae m\u00e1s que sol. Trae movimiento. Y llega en un momento en que nuestra claridad y colaboraci\u00f3n colectivas son profundamente necesarias.<\/p>","protected":false},"author":1,"featured_media":6463829,"comment_status":"closed","ping_status":"open","sticky":false,"template":"","format":"standard","meta":{"footnotes":""},"categories":[322],"tags":[],"class_list":["post-6463818","post","type-post","status-publish","format-standard","has-post-thumbnail","hentry","category-blog"],"_links":{"self":[{"href":"https:\/\/boulder.earth\/es\/wp-json\/wp\/v2\/posts\/6463818","targetHints":{"allow":["GET"]}}],"collection":[{"href":"https:\/\/boulder.earth\/es\/wp-json\/wp\/v2\/posts"}],"about":[{"href":"https:\/\/boulder.earth\/es\/wp-json\/wp\/v2\/types\/post"}],"author":[{"embeddable":true,"href":"https:\/\/boulder.earth\/es\/wp-json\/wp\/v2\/users\/1"}],"replies":[{"embeddable":true,"href":"https:\/\/boulder.earth\/es\/wp-json\/wp\/v2\/comments?post=6463818"}],"version-history":[{"count":3,"href":"https:\/\/boulder.earth\/es\/wp-json\/wp\/v2\/posts\/6463818\/revisions"}],"predecessor-version":[{"id":6463832,"href":"https:\/\/boulder.earth\/es\/wp-json\/wp\/v2\/posts\/6463818\/revisions\/6463832"}],"wp:featuredmedia":[{"embeddable":true,"href":"https:\/\/boulder.earth\/es\/wp-json\/wp\/v2\/media\/6463829"}],"wp:attachment":[{"href":"https:\/\/boulder.earth\/es\/wp-json\/wp\/v2\/media?parent=6463818"}],"wp:term":[{"taxonomy":"category","embeddable":true,"href":"https:\/\/boulder.earth\/es\/wp-json\/wp\/v2\/categories?post=6463818"},{"taxonomy":"post_tag","embeddable":true,"href":"https:\/\/boulder.earth\/es\/wp-json\/wp\/v2\/tags?post=6463818"}],"curies":[{"name":"wp","href":"https:\/\/api.w.org\/{rel}","templated":true}]}}